{"id":527,"date":"2023-11-02T19:58:23","date_gmt":"2023-11-02T22:58:23","guid":{"rendered":"https:\/\/culinariasemlactose.com\/curiosidades\/?p=527"},"modified":"2025-04-03T14:06:02","modified_gmt":"2025-04-03T17:06:02","slug":"melhores-geladeiras","status":"publish","type":"post","link":"https:\/\/culinariasemlactose.com\/curiosidades\/melhores-geladeiras\/","title":{"rendered":"Veja as 5 Melhores Geladeiras Para Comprar em 2025"},"content":{"rendered":"\n\n<div class=\"kk-star-ratings kksr-auto kksr-align-left kksr-valign-top\"\n    data-payload='{&quot;align&quot;:&quot;left&quot;,&quot;id&quot;:&quot;527&quot;,&quot;slug&quot;:&quot;default&quot;,&quot;valign&quot;:&quot;top&quot;,&quot;ignore&quot;:&quot;&quot;,&quot;reference&quot;:&quot;auto&quot;,&quot;class&quot;:&quot;&quot;,&quot;count&quot;:&quot;3&quot;,&quot;legendonly&quot;:&quot;&quot;,&quot;readonly&quot;:&quot;&quot;,&quot;score&quot;:&quot;4.7&quot;,&quot;starsonly&quot;:&quot;&quot;,&quot;best&quot;:&quot;5&quot;,&quot;gap&quot;:&quot;5&quot;,&quot;greet&quot;:&quot;Avalie&quot;,&quot;legend&quot;:&quot;4.7\\\/5 - (3 votos)&quot;,&quot;size&quot;:&quot;24&quot;,&quot;title&quot;:&quot;Veja as 5 Melhores Geladeiras Para Comprar em 2025&quot;,&quot;width&quot;:&quot;133.8&quot;,&quot;_legend&quot;:&quot;{score}\\\/{best} - ({count} {votes})&quot;,&quot;font_factor&quot;:&quot;1.25&quot;}'>\n            \n<div class=\"kksr-stars\">\n    \n<div class=\"kksr-stars-inactive\">\n            <div class=\"kksr-star\" data-star=\"1\" style=\"padding-right: 5px\">\n            \n\n<div class=\"kksr-icon\" style=\"width: 24px; height: 24px;\"><\/div>\n        <\/div>\n            <div class=\"kksr-star\" data-star=\"2\" style=\"padding-right: 5px\">\n            \n\n<div class=\"kksr-icon\" style=\"width: 24px; height: 24px;\"><\/div>\n        <\/div>\n            <div class=\"kksr-star\" data-star=\"3\" style=\"padding-right: 5px\">\n            \n\n<div class=\"kksr-icon\" style=\"width: 24px; height: 24px;\"><\/div>\n        <\/div>\n            <div class=\"kksr-star\" data-star=\"4\" style=\"padding-right: 5px\">\n            \n\n<div class=\"kksr-icon\" style=\"width: 24px; height: 24px;\"><\/div>\n        <\/div>\n            <div class=\"kksr-star\" data-star=\"5\" style=\"padding-right: 5px\">\n            \n\n<div class=\"kksr-icon\" style=\"width: 24px; height: 24px;\"><\/div>\n        <\/div>\n    <\/div>\n    \n<div class=\"kksr-stars-active\" style=\"width: 133.8px;\">\n            <div class=\"kksr-star\" style=\"padding-right: 5px\">\n            \n\n<div class=\"kksr-icon\" style=\"width: 24px; height: 24px;\"><\/div>\n        <\/div>\n            <div class=\"kksr-star\" style=\"padding-right: 5px\">\n            \n\n<div class=\"kksr-icon\" style=\"width: 24px; height: 24px;\"><\/div>\n        <\/div>\n            <div class=\"kksr-star\" style=\"padding-right: 5px\">\n            \n\n<div class=\"kksr-icon\" style=\"width: 24px; height: 24px;\"><\/div>\n        <\/div>\n            <div class=\"kksr-star\" style=\"padding-right: 5px\">\n            \n\n<div class=\"kksr-icon\" style=\"width: 24px; height: 24px;\"><\/div>\n        <\/div>\n            <div class=\"kksr-star\" style=\"padding-right: 5px\">\n            \n\n<div class=\"kksr-icon\" style=\"width: 24px; height: 24px;\"><\/div>\n        <\/div>\n    <\/div>\n<\/div>\n                \n\n<div class=\"kksr-legend\" style=\"font-size: 19.2px;\">\n            4.7\/5 - (3 votos)    <\/div>\n    <\/div>\n\r\n<p>Se voc\u00ea est\u00e1 pensando em<strong> comprar uma nova <a href=\"http:\/\/culinariasemlactose.com\/curiosidades\/melhores-geladeiras\/\" data-superlinks140684vt908f2723b=\"4\" class=\"spl-automatic-Link\" data-spl=\"4\">geladeira<\/a><\/strong>, \u00e9 importante fazer uma pesquisa cuidadosa para encontrar o modelo que atenda \u00e0s suas necessidades.<\/p>\r\n<p>Com tantas op\u00e7\u00f5es dispon\u00edveis no mercado, pode ser dif\u00edcil escolher <strong>a melhor geladeira<\/strong> para voc\u00ea.<\/p>\r\n<p>Neste artigo, vamos apresentar <strong>as 5 melhores geladeiras de 2025<\/strong>, com base em recursos, desempenho e custo-benef\u00edcio, selecionamos modelos que oferecem qualidade e efici\u00eancia energ\u00e9tica.<\/p>\r\n\r\n\r\n\r\n<div class=\"wp-block-spacer\" style=\"height: 20px;\" aria-hidden=\"true\">\u00a0<\/div>\r\n\r\n\r\n\r\n<p><script async src=\"https:\/\/pagead2.googlesyndication.com\/pagead\/js\/adsbygoogle.js?client=ca-pub-3459676390679786\"\r\n     crossorigin=\"anonymous\"><\/script><\/p>\r\n<!-- CSL- inicio do texto -->\r\n<p><ins class=\"adsbygoogle\" style=\"display: block;\" data-ad-client=\"ca-pub-3459676390679786\" data-ad-slot=\"6292208199\" data-ad-format=\"auto\" data-full-width-responsive=\"true\"><\/ins> <script>\r\n     (adsbygoogle = window.adsbygoogle || []).push({});\r\n<\/script><\/p>\r\n\r\n\r\n\r\n<div class=\"wp-block-spacer\" style=\"height: 15px;\" aria-hidden=\"true\">\u00a0<\/div>\r\n\r\n\r\n<div class=\"wp-block-affiliatex-product-table\" id=\"affiliatex-pdt-table-style-542b8709-adf4-4ba6-9b3f-7448a01a1f9e\">\n\t<div class=\"affx-pdt-table-container--free affx-block-admin \">\n\t\t<div class=\"affx-pdt-table-wrapper\">\n\t\t\t\t\t\t\t<table class=\"affx-pdt-table\">\n\t\t\t\t\t<thead>\n\t\t\t\t\t\t<tr>\n\t\t\t\t\t\t\t\t\t\t\t\t\t\t\t<td class=\"affx-img-col\"><span>Imagem<\/span><\/td>\n\t\t\t\t\t\t\t\t\t\t\t\t\t\t\t\t\t\t\t\t\t\t<td><span>Produtos<\/span><\/td>\n\t\t\t\t\t\t\t\t\t\t\t\t\t\t\t\t\t\t\t\t\t\t<td><span>Descri\u00e7\u00e3o<\/span><\/td>\n\t\t\t\t\t\t\t\t<td class=\"affx-price-col\"><span><\/span><\/td>\n\t\t\t\t\t\t\t\t\t\t\t\t\t\t\t\t\t\t\t\t\t\t\t\t\t\t\t<\/tr>\n\t\t\t\t\t<\/thead>\n\t\t\t\t\t<tbody><tr>\n\t\t<td class=\"affx-img-col\">\n\t\t<div class=\"affx-pdt-img-container\">\n\t\t\t\t\t\t\t<span class=\"affx-pdt-ribbon affx-ribbon-2\">Top 1 de Mais Vendidas<\/span>\n\t\t\t\t\t\t\t\t\t\t<span class=\"affx-pdt-counter\">1<\/span>\n\t\t\t\t\t\t<div class=\"affx-pdt-img-wrapper\">\n\t<img fetchpriority=\"high\" decoding=\"async\" width=\"856\" height=\"979\" src=\"https:\/\/culinariasemlactose.com\/curiosidades\/wp-content\/smush-avif\/2023\/11\/geladeira-BRE57AK-.png.avif\" class=\"attachment-full size-full\" alt=\"\" style=\"height: auto\" data-smush-avif-fallback=\"{&quot;src&quot;:&quot;https:\\\/\\\/culinariasemlactose.com\\\/curiosidades\\\/wp-content\\\/uploads\\\/2023\\\/11\\\/geladeira-BRE57AK-.png&quot;}\" \/><\/div>\n\t\t\t\t\t<\/div>\n\t<\/td>\n\t\t\t\t<td>\t<h5 class=\"affx-pdt-name\">Geladeira Frost Free Brastemp Inverse 2 Portas 443L Evox BRE57AK 127V<\/h5>\n<\/td>\n\t\t<td>\t<p class=\"affiliatex-content\">A Geladeira Brastemp Frost Free Inverse 443 litros cor Inox tem refrigerador em cima e freezer embaixo, deixando os alimentos mais utilizados sempre \u00e0 m\u00e3o. Com o Turbo Ice, fa\u00e7a gelo mais r\u00e1pido sempre que precisar. O modelo conta ainda com Twist Ice Advanced e Espa\u00e7o Adapt.<\/p>\n<\/td>\n\t<td class=\"affx-price-col\">\n\t\t\t\t<div class=\"affx-btn-wrapper\">\n\t\t\t<div class=\"affx-btn-inner\">\n\t<a href=\"https:\/\/amzn.to\/3u2fiMA\" class=\"affiliatex-button primary icon-btn icon-right\" rel=\"&quot;nofollow&quot; noopener\" target=\"_blank\">\n\t\t\t\tVer na Amazon\t\t\t\t\t<i class=\"button-icon fas fa-angle-right\"><\/i>\n\t\t\t<\/a>\n<\/div>\n\t\t\t\t\t<\/div>\n\t<\/td>\n<\/tr>\n<tr>\n\t\t<td class=\"affx-img-col\">\n\t\t<div class=\"affx-pdt-img-container\">\n\t\t\t\t\t\t\t<span class=\"affx-pdt-ribbon affx-ribbon-2\">Top 2 de Melhor Avalia\u00e7\u00e3o<\/span>\n\t\t\t\t\t\t\t\t\t\t<span class=\"affx-pdt-counter\">2<\/span>\n\t\t\t\t\t\t<div class=\"affx-pdt-img-wrapper\">\n\t<img decoding=\"async\" width=\"900\" height=\"801\" src=\"https:\/\/culinariasemlactose.com\/curiosidades\/wp-content\/smush-avif\/2023\/11\/Geladeira-Eletrolux.png.avif\" class=\"attachment-full size-full\" alt=\"\" style=\"height: auto\" data-smush-avif-fallback=\"{&quot;src&quot;:&quot;https:\\\/\\\/culinariasemlactose.com\\\/curiosidades\\\/wp-content\\\/uploads\\\/2023\\\/11\\\/Geladeira-Eletrolux.png&quot;}\" \/><\/div>\n\t\t\t\t\t<\/div>\n\t<\/td>\n\t\t\t\t<td>\t<h5 class=\"affx-pdt-name\">Geladeira Electrolux Cycle Defrost 240L Degelo Pr\u00e1tico Uma Porta Branca (RE31)<\/h5>\n<\/td>\n\t\t<td>\t<p class=\"affiliatex-content\">Design \u00fanico e moderno que combina com a sua cozinha. Novo Controle externo da temperatura que facilita o ajuste da temperatura sem precisar abrir a porta. Prateleira porta-latas revers\u00edvel para 5 unidades, gaveta extra fria. Al\u00e9m do degelo pr\u00e1tico, basta apertar o bot\u00e3o para descongelar.<\/p>\n<\/td>\n\t<td class=\"affx-price-col\">\n\t\t\t\t<div class=\"affx-btn-wrapper\">\n\t\t\t<div class=\"affx-btn-inner\">\n\t<a href=\"https:\/\/amzn.to\/3sj2roC\" class=\"affiliatex-button primary icon-btn icon-right\" rel=\"&quot;nofollow&quot; noopener\" target=\"_blank\">\n\t\t\t\tVer na Amazon \t\t\t\t\t<i class=\"button-icon fas fa-angle-right\"><\/i>\n\t\t\t<\/a>\n<\/div>\n\t\t\t\t\t<\/div>\n\t<\/td>\n<\/tr>\n<tr>\n\t\t<td class=\"affx-img-col\">\n\t\t<div class=\"affx-pdt-img-container\">\n\t\t\t\t\t\t\t<span class=\"affx-pdt-ribbon affx-ribbon-2\">Top 3 de Mais Vendidas<\/span>\n\t\t\t\t\t\t\t\t\t\t<span class=\"affx-pdt-counter\">3<\/span>\n\t\t\t\t\t\t<div class=\"affx-pdt-img-wrapper\">\n\t<img decoding=\"async\" width=\"856\" height=\"965\" src=\"https:\/\/culinariasemlactose.com\/curiosidades\/wp-content\/smush-avif\/2023\/11\/Geladeira.png.avif\" class=\"attachment-full size-full\" alt=\"\" style=\"height: auto\" data-smush-avif-fallback=\"{&quot;src&quot;:&quot;https:\\\/\\\/culinariasemlactose.com\\\/curiosidades\\\/wp-content\\\/uploads\\\/2023\\\/11\\\/Geladeira.png&quot;}\" \/><\/div>\n\t\t\t\t\t<\/div>\n\t<\/td>\n\t\t\t\t<td>\t<h5 class=\"affx-pdt-name\">Geladeira Electrolux Frost Free 371L Turbo Congelamento Duplex Cor Inox (DFX41)<\/h5>\n<\/td>\n\t\t<td>\t<p class=\"affiliatex-content\">A <strong>Geladeira Frost Free<\/strong> 371 Litros Electrolux atende \u00e0s exig\u00eancias de espa\u00e7o e efici\u00eancia em congelar e preservar alimentos e <a href=\"https:\/\/culinariasemlactose.com\/categoria\/bebidas-sem-lactose\/\" data-superlinks140684vt908f2723b=\"89\" class=\"spl-automatic-Link\" data-spl=\"89\">bebidas<\/a>.<\/p>\n<\/td>\n\t<td class=\"affx-price-col\">\n\t\t\t\t<div class=\"affx-btn-wrapper\">\n\t\t\t<div class=\"affx-btn-inner\">\n\t<a href=\"https:\/\/amzn.to\/47gqEe8\" class=\"affiliatex-button primary icon-btn icon-right\" rel=\"&quot;nofollow&quot; noopener\" target=\"_blank\">\n\t\t\t\tVer na Amazon \t\t\t\t\t<i class=\"button-icon fas fa-angle-right\"><\/i>\n\t\t\t<\/a>\n<\/div>\n\t\t\t\t\t<\/div>\n\t<\/td>\n<\/tr>\n<tr>\n\t\t<td class=\"affx-img-col\">\n\t\t<div class=\"affx-pdt-img-container\">\n\t\t\t\t\t\t\t<span class=\"affx-pdt-ribbon affx-ribbon-2\">Top 4 de Melhor Avalia\u00e7\u00e3o<\/span>\n\t\t\t\t\t\t\t\t\t\t<span class=\"affx-pdt-counter\">4<\/span>\n\t\t\t\t\t\t<div class=\"affx-pdt-img-wrapper\">\n\t<img loading=\"lazy\" decoding=\"async\" width=\"900\" height=\"837\" src=\"https:\/\/culinariasemlactose.com\/curiosidades\/wp-content\/smush-avif\/2023\/11\/Geladeira-preta.png.avif\" class=\"attachment-full size-full\" alt=\"\" style=\"height: auto\" data-smush-avif-fallback=\"{&quot;src&quot;:&quot;https:\\\/\\\/culinariasemlactose.com\\\/curiosidades\\\/wp-content\\\/uploads\\\/2023\\\/11\\\/Geladeira-preta.png&quot;}\" \/><\/div>\n\t\t\t\t\t<\/div>\n\t<\/td>\n\t\t\t\t<td>\t<h5 class=\"affx-pdt-name\">Geladeira Panasonic Frost Free 425L A+++ Black Glass &#8211; NR-BB53GV3B<\/h5>\n<\/td>\n\t\t<td>\t<p class=\"affiliatex-content\">A geladeira Panasonic Frost Free 425L A+++ Black Glass \u00e9 a tend\u00eancia para cozinhas. Ela possui tecnologia inverter e economia de 36% de energia &#8211; NR-BB53GV3B<\/p>\n<\/td>\n\t<td class=\"affx-price-col\">\n\t\t\t\t<div class=\"affx-btn-wrapper\">\n\t\t\t<div class=\"affx-btn-inner\">\n\t<a href=\"https:\/\/amzn.to\/49gEgYt\" class=\"affiliatex-button primary icon-btn icon-right\" rel=\"&quot;nofollow&quot; noopener\" target=\"_blank\">\n\t\t\t\tVer na Amazon \t\t\t\t\t<i class=\"button-icon fas fa-angle-right\"><\/i>\n\t\t\t<\/a>\n<\/div>\n\t\t\t\t\t<\/div>\n\t<\/td>\n<\/tr>\n<tr>\n\t\t<td class=\"affx-img-col\">\n\t\t<div class=\"affx-pdt-img-container\">\n\t\t\t\t\t\t\t<span class=\"affx-pdt-ribbon affx-ribbon-2\">Top 5 de Mais Vendidas<\/span>\n\t\t\t\t\t\t\t\t\t\t<span class=\"affx-pdt-counter\">5<\/span>\n\t\t\t\t\t\t<div class=\"affx-pdt-img-wrapper\">\n\t<img loading=\"lazy\" decoding=\"async\" width=\"900\" height=\"799\" src=\"https:\/\/culinariasemlactose.com\/curiosidades\/wp-content\/smush-avif\/2023\/11\/Geladeira-consul.png.avif\" class=\"attachment-full size-full\" alt=\"\" style=\"height: auto\" data-smush-avif-fallback=\"{&quot;src&quot;:&quot;https:\\\/\\\/culinariasemlactose.com\\\/curiosidades\\\/wp-content\\\/uploads\\\/2023\\\/11\\\/Geladeira-consul.png&quot;}\" \/><\/div>\n\t\t\t\t\t<\/div>\n\t<\/td>\n\t\t\t\t<td>\t<h5 class=\"affx-pdt-name\">Geladeira Consul Frost Free Duplex 340 litros Branca com Prateleiras Altura Flex &#8211; CRM39AB 110V<\/h5>\n<\/td>\n\t\t<td>\t<p class=\"affiliatex-content\">A Geladeira Consul Frost Free 340 litros n\u00e3o precisa descongelar nunca. Possui prateleiras com Altura Flex que permite at\u00e9 8 n\u00edveis de altura e fun\u00e7\u00e3o Turbo.<\/p>\n<\/td>\n\t<td class=\"affx-price-col\">\n\t\t\t\t<div class=\"affx-btn-wrapper\">\n\t\t\t<div class=\"affx-btn-inner\">\n\t<a href=\"https:\/\/amzn.to\/462dssa\" class=\"affiliatex-button primary icon-btn icon-right\" rel=\"&quot;nofollow&quot; noopener\" target=\"_blank\">\n\t\t\t\tVer na Amazon \t\t\t\t\t<i class=\"button-icon fas fa-angle-right\"><\/i>\n\t\t\t<\/a>\n<\/div>\n\t\t\t\t\t<\/div>\n\t<\/td>\n<\/tr>\n<\/tbody>\n\t\t\t\t<\/table>\n\t\t\t\t\t<\/div>\n\t<\/div>\n<\/div>\n\r\n\r\n\r\n<div id=\"ez-toc-container\" class=\"ez-toc-v2_0_82_2 ez-toc-wrap-center counter-hierarchy ez-toc-counter ez-toc-transparent ez-toc-container-direction\">\n<div class=\"ez-toc-title-container\">\n<p class=\"ez-toc-title ez-toc-toggle\" style=\"cursor:pointer\">Navegue pelo Conte\u00fado<\/p>\n<span class=\"ez-toc-title-toggle\"><a href=\"#\" class=\"ez-toc-pull-right ez-toc-btn ez-toc-btn-xs ez-toc-btn-default ez-toc-toggle\" aria-label=\"Alternar tabela de conte\u00fado\"><span class=\"ez-toc-js-icon-con\"><span class=\"\"><span class=\"eztoc-hide\" style=\"display:none;\">Toggle<\/span><span class=\"ez-toc-icon-toggle-span\"><svg style=\"fill: #999;color:#999\" xmlns=\"http:\/\/www.w3.org\/2000\/svg\" class=\"list-377408\" width=\"20px\" height=\"20px\" viewBox=\"0 0 24 24\" fill=\"none\"><path d=\"M6 6H4v2h2V6zm14 0H8v2h12V6zM4 11h2v2H4v-2zm16 0H8v2h12v-2zM4 16h2v2H4v-2zm16 0H8v2h12v-2z\" fill=\"currentColor\"><\/path><\/svg><svg style=\"fill: #999;color:#999\" class=\"arrow-unsorted-368013\" xmlns=\"http:\/\/www.w3.org\/2000\/svg\" width=\"10px\" height=\"10px\" viewBox=\"0 0 24 24\" version=\"1.2\" baseProfile=\"tiny\"><path d=\"M18.2 9.3l-6.2-6.3-6.2 6.3c-.2.2-.3.4-.3.7s.1.5.3.7c.2.2.4.3.7.3h11c.3 0 .5-.1.7-.3.2-.2.3-.5.3-.7s-.1-.5-.3-.7zM5.8 14.7l6.2 6.3 6.2-6.3c.2-.2.3-.5.3-.7s-.1-.5-.3-.7c-.2-.2-.4-.3-.7-.3h-11c-.3 0-.5.1-.7.3-.2.2-.3.5-.3.7s.1.5.3.7z\"\/><\/svg><\/span><\/span><\/span><\/a><\/span><\/div>\n<nav><ul class='ez-toc-list ez-toc-list-level-1 eztoc-toggle-hide-by-default' ><li class='ez-toc-page-1 ez-toc-heading-level-2'><a class=\"ez-toc-link ez-toc-heading-1\" href=\"https:\/\/culinariasemlactose.com\/curiosidades\/melhores-geladeiras\/#Por_que_comprar_uma_geladeira_nova\" >Por que comprar uma geladeira nova?<\/a><\/li><li class='ez-toc-page-1 ez-toc-heading-level-2'><a class=\"ez-toc-link ez-toc-heading-2\" href=\"https:\/\/culinariasemlactose.com\/curiosidades\/melhores-geladeiras\/#As_5_melhores_geladeiras_para_comprar_em_2025\" >As 5 melhores geladeiras para comprar em 2025<\/a><\/li><li class='ez-toc-page-1 ez-toc-heading-level-2'><a class=\"ez-toc-link ez-toc-heading-3\" href=\"https:\/\/culinariasemlactose.com\/curiosidades\/melhores-geladeiras\/#1o-_Geladeira_Frost_Free_Brastemp_Inverse_2_Portas_443L_Evox_BRE57AK_127V_A_escolha_perfeita_para_sua_cozinha\" >1\u00ba- Geladeira Frost Free Brastemp Inverse 2 Portas 443L Evox BRE57AK 127V: A escolha perfeita para sua cozinha!<\/a><\/li><li class='ez-toc-page-1 ez-toc-heading-level-2'><a class=\"ez-toc-link ez-toc-heading-4\" href=\"https:\/\/culinariasemlactose.com\/curiosidades\/melhores-geladeiras\/#2o-Geladeira_Electrolux_Cycle_Defrost_240L_Degelo_Pratico_Uma_Porta_Branca_RE31_A_escolha_perfeita_para_sua_cozinha\" >2\u00ba-Geladeira Electrolux Cycle Defrost 240L Degelo Pr\u00e1tico Uma Porta Branca (RE31): A escolha perfeita para sua cozinha!<\/a><\/li><li class='ez-toc-page-1 ez-toc-heading-level-2'><a class=\"ez-toc-link ez-toc-heading-5\" href=\"https:\/\/culinariasemlactose.com\/curiosidades\/melhores-geladeiras\/#3o-_Refrigerador_371L_Frost_Free_2_Portas_110_Volts_Inox_Electrolux_A_solucao_perfeita_para_a_sua_cozinha\" >3\u00ba- Refrigerador 371L Frost Free 2 Portas 110 Volts, Inox, Electrolux: A solu\u00e7\u00e3o perfeita para a sua cozinha!<\/a><\/li><li class='ez-toc-page-1 ez-toc-heading-level-2'><a class=\"ez-toc-link ez-toc-heading-6\" href=\"https:\/\/culinariasemlactose.com\/curiosidades\/melhores-geladeiras\/#4o-Geladeira_Panasonic_Frost_Free_425L_A_Black_Glass_%E2%80%93_NR-BB53GV3B_A_combinacao_perfeita_de_estilo_e_eficiencia\" >4\u00ba-Geladeira Panasonic Frost Free 425L A+++ Black Glass &#8211; NR-BB53GV3B A combina\u00e7\u00e3o perfeita de estilo e efici\u00eancia<\/a><\/li><li class='ez-toc-page-1 ez-toc-heading-level-2'><a class=\"ez-toc-link ez-toc-heading-7\" href=\"https:\/\/culinariasemlactose.com\/curiosidades\/melhores-geladeiras\/#5o-_Geladeira_Consul_Frost_Free_Duplex_340_litros_Branca_com_Prateleiras_Altura_Flex_%E2%80%93_CRM39AB_110V_A_escolha_perfeita_para_sua_cozinha\" >5\u00ba- Geladeira Consul Frost Free Duplex 340 litros Branca com Prateleiras Altura Flex &#8211; CRM39AB 110V: A escolha perfeita para sua cozinha<\/a><\/li><li class='ez-toc-page-1 ez-toc-heading-level-2'><a class=\"ez-toc-link ez-toc-heading-8\" href=\"https:\/\/culinariasemlactose.com\/curiosidades\/melhores-geladeiras\/#Conclusao\" >Conclus\u00e3o<\/a><\/li><\/ul><\/nav><\/div>\n<h2 class=\"wp-block-heading has-text-align-center has-large-font-size\"><span class=\"ez-toc-section\" id=\"Por_que_comprar_uma_geladeira_nova\"><\/span>Por que comprar uma geladeira nova?<span class=\"ez-toc-section-end\"><\/span><\/h2>\r\n\r\n\r\n\r\n<p>Comprar uma geladeira nova pode parecer um investimento desnecess\u00e1rio \u00e0 primeira vista. Afinal, a geladeira antiga ainda est\u00e1 funcionando, mesmo que n\u00e3o esteja mais t\u00e3o eficiente como antes. No entanto, h\u00e1 v\u00e1rias raz\u00f5es pelas quais vale a pena considerar a <a href=\"http:\/\/culinariasemlactose.com\/curiosidades\/c\/compras\/\" data-superlinks140684vt908f2723b=\"60\" class=\"spl-automatic-Link\" data-spl=\"60\">compra<\/a> de uma geladeira nova.\u00a0<\/p>\r\n\r\n\r\n\r\n<p>1<em><strong>. Efici\u00eancia energ\u00e9tica<\/strong><\/em><\/p>\r\n<p>Uma das principais vantagens de comprar uma geladeira nova \u00e9 a efici\u00eancia energ\u00e9tica. Os modelos mais recentes s\u00e3o projetados para consumir menos energia, o que pode resultar em economia significativa na conta de luz.\u00a0<\/p>\r\n<p>2. <em><strong>Tecnologia avan\u00e7ada<\/strong><\/em><\/p>\r\n<p>As geladeiras modernas v\u00eam equipadas com uma s\u00e9rie de recursos avan\u00e7ados que podem facilitar sua vida. Por exemplo, muitos modelos possuem dispensador de \u00e1gua e gelo na porta, o que elimina a necessidade de abrir a geladeira toda vez que voc\u00ea precisa de uma bebida gelada. Al\u00e9m disso, algumas geladeiras t\u00eam compartimentos especiais para manter os alimentos frescos por mais tempo, como gavetas de controle de umidade.<\/p>\r\n<p>3.<em><strong> Maior capacidade<\/strong><\/em><\/p>\r\n<p>Se voc\u00ea est\u00e1 constantemente lutando para encontrar espa\u00e7o suficiente na geladeira, uma geladeira nova com maior capacidade pode ser a solu\u00e7\u00e3o. Os modelos mais recentes geralmente oferecem mais espa\u00e7o interno, com prateleiras ajust\u00e1veis \u200b\u200be compartimentos adicionais para armazenar alimentos e bebidas. Isso pode ser especialmente \u00fatil para fam\u00edlias maiores ou para aqueles que gostam de fazer compras em grandes quantidades.<\/p>\r\n<p>4. <em><strong>Durabilidade<\/strong><\/em><\/p>\r\n<p>As geladeiras antigas tendem a ter uma vida \u00fatil limitada. Com o tempo, elas podem come\u00e7ar a apresentar problemas, como vazamentos de \u00e1gua ou falhas no sistema de resfriamento. Ao investir em uma geladeira nova, voc\u00ea pode ter a garantia de que ela durar\u00e1 por muitos anos, proporcionando tranquilidade e evitando gastos extras com consertos.<\/p>\r\n<p>5. <em><strong>Estilo e design<\/strong><\/em><\/p>\r\n<p>Por fim, comprar uma geladeira nova tamb\u00e9m permite que voc\u00ea atualize o estilo e o design da sua cozinha. Os modelos mais recentes est\u00e3o dispon\u00edveis em uma variedade de cores e acabamentos, para que voc\u00ea possa escolher um que combine perfeitamente com o restante dos seus eletrodom\u00e9sticos e decora\u00e7\u00e3o.<\/p>\r\n<p>Em resumo, comprar uma geladeira nova pode trazer uma s\u00e9rie de benef\u00edcios, desde economia de energia at\u00e9 maior capacidade de armazenamento. Al\u00e9m disso, voc\u00ea pode desfrutar de recursos avan\u00e7ados e atualizar o visual da sua cozinha. Portanto, se voc\u00ea est\u00e1 pensando em substituir sua geladeira antiga, vale a pena considerar a compra de uma geladeira nova.<\/p>\r\n\r\n\r\n\r\n<p><script async src=\"https:\/\/pagead2.googlesyndication.com\/pagead\/js\/adsbygoogle.js?client=ca-pub-3459676390679786\"\r\n     crossorigin=\"anonymous\"><\/script><\/p>\r\n<!-- CSL- inicio do texto -->\r\n<p><ins class=\"adsbygoogle\" style=\"display: block;\" data-ad-client=\"ca-pub-3459676390679786\" data-ad-slot=\"6292208199\" data-ad-format=\"auto\" data-full-width-responsive=\"true\"><\/ins> <script>\r\n     (adsbygoogle = window.adsbygoogle || []).push({});\r\n<\/script><\/p>\r\n\r\n\r\n\r\n<h2 class=\"wp-block-heading alignfull has-text-align-center has-black-color has-text-color has-large-font-size\" style=\"font-style: normal; font-weight: 800; text-transform: capitalize;\"><span class=\"ez-toc-section\" id=\"As_5_melhores_geladeiras_para_comprar_em_2025\"><\/span>As 5 melhores geladeiras para comprar em 2025<span class=\"ez-toc-section-end\"><\/span><\/h2>\r\n\r\n\r\n\r\n<div class=\"wp-block-spacer\" style=\"height: 17px;\" aria-hidden=\"true\">\u00a0<\/div>\r\n\r\n\r\n\r\n<p>Voc\u00ea est\u00e1 pensando em comprar uma nova geladeira em 2025? \u00d3tima escolha! Com tantas op\u00e7\u00f5es dispon\u00edveis no mercado, pode ser dif\u00edcil decidir qual geladeira \u00e9 a melhor para voc\u00ea. Para ajudar nessa decis\u00e3o, reuni uma lista das 5 melhores geladeiras que voc\u00ea pode considerar comprar este ano.<\/p>\r\n\r\n\r\n\r\n<div class=\"wp-block-spacer\" style=\"height: 15px;\" aria-hidden=\"true\">\u00a0<\/div>\r\n\r\n\r\n\r\n<h2 class=\"wp-block-heading\" style=\"font-size: 30px;\"><span class=\"ez-toc-section\" id=\"1o-_Geladeira_Frost_Free_Brastemp_Inverse_2_Portas_443L_Evox_BRE57AK_127V_A_escolha_perfeita_para_sua_cozinha\"><\/span>1\u00ba- Geladeira Frost Free Brastemp Inverse 2 Portas 443L Evox BRE57AK 127V: A escolha perfeita para sua cozinha!<span class=\"ez-toc-section-end\"><\/span><\/h2>\r\n\r\n\r\n\r\n<div class=\"wp-block-spacer\" style=\"height: 12px;\" aria-hidden=\"true\">\u00a0<\/div>\r\n\r\n\r\n\r\n<figure class=\"wp-block-image aligncenter size-full is-style-default\"><img loading=\"lazy\" decoding=\"async\" width=\"856\" height=\"979\" class=\"wp-image-533\" src=\"http:\/\/culinariasemlactose.com\/curiosidades\/wp-content\/smush-avif\/2023\/11\/geladeira-BRE57AK-.png.avif\" alt=\"\" srcset=\"https:\/\/culinariasemlactose.com\/curiosidades\/wp-content\/smush-avif\/2023\/11\/geladeira-BRE57AK-.png.avif 856w, https:\/\/culinariasemlactose.com\/curiosidades\/wp-content\/smush-avif\/2023\/11\/geladeira-BRE57AK--262x300.png.avif 262w, https:\/\/culinariasemlactose.com\/curiosidades\/wp-content\/smush-avif\/2023\/11\/geladeira-BRE57AK--768x878.png.avif 768w, https:\/\/culinariasemlactose.com\/curiosidades\/wp-content\/smush-avif\/2023\/11\/geladeira-BRE57AK--150x172.png.avif 150w\" sizes=\"(max-width: 856px) 100vw, 856px\" data-smush-avif-fallback=\"{&quot;src&quot;:&quot;http:\\\/\\\/culinariasemlactose.com\\\/curiosidades\\\/wp-content\\\/uploads\\\/2023\\\/11\\\/geladeira-BRE57AK-.png&quot;,&quot;srcset&quot;:&quot;https:\\\/\\\/culinariasemlactose.com\\\/curiosidades\\\/wp-content\\\/uploads\\\/2023\\\/11\\\/geladeira-BRE57AK-.png 856w, https:\\\/\\\/culinariasemlactose.com\\\/curiosidades\\\/wp-content\\\/uploads\\\/2023\\\/11\\\/geladeira-BRE57AK--262x300.png 262w, https:\\\/\\\/culinariasemlactose.com\\\/curiosidades\\\/wp-content\\\/uploads\\\/2023\\\/11\\\/geladeira-BRE57AK--768x878.png 768w, https:\\\/\\\/culinariasemlactose.com\\\/curiosidades\\\/wp-content\\\/uploads\\\/2023\\\/11\\\/geladeira-BRE57AK--150x172.png 150w&quot;}\" \/><\/figure>\r\n\r\n\r\n\r\n<p>A <a href=\"https:\/\/amzn.to\/3u2fiMA\" target=\"_blank\" rel=\"nofollow noopener\">Geladeira Frost Free Brastemp Inverse 2 Portas 443L Evox BRE57AK 127V<\/a> \u00e9 a op\u00e7\u00e3o ideal para quem busca praticidade e estilo na cozinha. Com design moderno e funcionalidades incr\u00edveis, esse eletrodom\u00e9stico vai transformar sua rotina e facilitar o armazenamento dos alimentos.<\/p>\r\n<p>Uma das principais vantagens dessa geladeira \u00e9 o <strong>sistema Frost Free<\/strong>, que evita o ac\u00famulo de gelo no freezer e no refrigerador. Isso significa que voc\u00ea nunca mais vai precisar descongelar a geladeira, economizando tempo e energia.<\/p>\r\n<p>Com capacidade de 443 litros, essa geladeira oferece <strong>amplo espa\u00e7o interno<\/strong> para armazenar todos os tipos de alimentos, desde <a href=\"http:\/\/culinariasemlactose.com\/curiosidades\/quais-sao-as-frutas-que-aumenta-os-niveis-de-acucar\/\" data-superlinks140684vt908f2723b=\"40\" class=\"spl-automatic-Link\" data-spl=\"40\">frutas<\/a> e verduras at\u00e9 alimentos congelados. Al\u00e9m disso, ela conta com prateleiras ajust\u00e1veis e remov\u00edveis, permitindo que voc\u00ea organize os alimentos da melhor forma poss\u00edvel.<\/p>\r\n<p>A Geladeira Frost Free Brastemp Inverse 2 Portas 443L Evox BRE57AK tamb\u00e9m possui um <strong>sistema de refrigera\u00e7\u00e3o<\/strong> eficiente, que mant\u00e9m a temperatura ideal em todos os compartimentos. Isso garante que seus alimentos fiquem frescos por mais tempo, preservando sabor e nutrientes.<\/p>\r\n<p>Outro destaque desse modelo \u00e9 a <strong>fun\u00e7\u00e3o Turbo Ice<\/strong>, que permite a produ\u00e7\u00e3o de gelo de forma r\u00e1pida e pr\u00e1tica. Com apenas um toque, voc\u00ea ter\u00e1 gelo suficiente para suas bebidas geladas e momentos de descontra\u00e7\u00e3o com a fam\u00edlia e amigos.<\/p>\r\n<p>Al\u00e9m disso, a Geladeira Frost Free Brastemp Inverse 2 Portas 443L Evox BRE57AK possui um <strong>sistema de ilumina\u00e7\u00e3o LED<\/strong>, que proporciona uma melhor visualiza\u00e7\u00e3o dos alimentos e economiza energia. Com essa geladeira, voc\u00ea ter\u00e1 tudo o que precisa para uma cozinha moderna e funcional.<\/p>\r\n<p>Em termos de design, essa geladeira se destaca pelo <strong>acabamento em a\u00e7o inox Evox<\/strong>, que confere um visual sofisticado e dur\u00e1vel. Al\u00e9m disso, ela possui um <strong>painel eletr\u00f4nico externo<\/strong>, que facilita o controle da temperatura e das fun\u00e7\u00f5es da geladeira.<\/p>\r\n<p>Se voc\u00ea procura uma geladeira de qualidade, com design moderno e funcionalidades incr\u00edveis, a Geladeira Frost Free Brastemp Inverse 2 Portas 443L Evox BRE57AK 127V \u00e9 a escolha perfeita para sua cozinha. N\u00e3o perca tempo e <a href=\"https:\/\/amzn.to\/3u2fiMA\" target=\"_blank\" rel=\"nofollow noopener\"><strong>adquira j\u00e1 a sua<\/strong><\/a>!<\/p>\r\n\r\n\r\n\r\n<div class=\"wp-block-spacer\" style=\"height: 22px;\" aria-hidden=\"true\">\u00a0<\/div>\r\n\r\n\r\n\r\n<div id=\"affiliatex-single-product-style-6e242654-199c-4b74-a673-1531dd8baf49\" class=\"wp-block-affiliatex-single-product\">\r\n<div class=\"affx-single-product-wrapper product-layout-1\">\r\n<div class=\"affx-sp-inner\">\r\n<div class=\"affx-sp-content image-left \">\r\n<div class=\"affx-sp-ribbon ribbon-layout-2\">\r\n<div class=\"affx-sp-ribbon-title\">Top 1<\/div>\r\n<\/div>\r\n<div class=\"affx-sp-img-wrapper\"><img decoding=\"async\" src=\"http:\/\/culinariasemlactose.com\/curiosidades\/wp-content\/smush-avif\/2023\/11\/Geladeira-BRE57AK.png.avif\" data-smush-avif-fallback=\"{&quot;src&quot;:&quot;http:\\\/\\\/culinariasemlactose.com\\\/curiosidades\\\/wp-content\\\/uploads\\\/2023\\\/11\\\/Geladeira-BRE57AK.png&quot;}\" \/><\/div>\r\n<div class=\"affx-sp-content-wrapper\">\r\n<div class=\"title-wrapper affx-star-rating \">\r\n<div class=\"affx-title-left\">\r\n<h4 class=\"affx-single-product-title\">Geladeira Frost Free Brastemp Inverse 2 Portas 443L Evox BRE57AK 127V<\/h4>\r\n<\/div>\r\n<div class=\"affx-sp-pricing-pic rating-align-left\">\u00a0<\/div>\r\n<\/div>\r\n<div class=\"affx-single-product-content\">\r\n<p class=\"affiliatex-content\">A Geladeira Brastemp Frost Free Inverse 443 litros cor Inox tem refrigerador em cima e freezer embaixo, deixando os alimentos mais utilizados sempre \u00e0 m\u00e3o. Com o Turbo Ice, fa\u00e7a gelo mais r\u00e1pido sempre que precisar. O modelo conta ainda com Twist Ice Advanced e Espa\u00e7o Adapt.<\/p>\r\n<\/div>\r\n<div class=\"button-wrapper\"><div class=\"affx-btn-wrapper wp-block-affiliatex-buttons\" id=\"affiliatex-blocks-style-f21acf22-38c7-46b6-8439-016b68314030\">\n\t<div class=\"affx-btn-inner\">\n\t\t<a href=\"https:\/\/amzn.to\/3u2fiMA\" class=\"affiliatex-button btn-align-flex-start btn-is-medium btn-is-flex-medium icon-left\" rel=\"noopener nofollow\" target=\"_blank\">\n\t\t\t<i class=\"button-icon far fa-thumbs-up\"><\/i>\t\t\t<span class=\"affiliatex-btn\"><font style=\"vertical-align: inherit\"><font style=\"vertical-align: inherit\">Comprar agora<\/font><\/font><\/span>\n\t\t\t\t\t\t\t\t<\/a>\n\t<\/div>\n<\/div>\n<\/div>\r\n<\/div>\r\n<\/div>\r\n<\/div>\r\n<\/div>\r\n<\/div>\r\n\r\n\r\n\r\n<h3 class=\"wp-block-heading has-text-align-center\" style=\"font-size: 27px; text-transform: capitalize;\">Voc\u00ea quer saber mais sobre a Geladeira Frost Free Brastemp Inverse 2 Portas 443L Evox BRE57AK\u00a0?<\/h3>\r\n\r\n\r\n\r\n<p class=\"differentials__title\"><span style=\"text-decoration: underline;\"><strong>Diferenciais<span class=\"differentials__title--orange\"> Brastemp<\/span><\/strong><\/span><\/p>\r\n<div class=\"differentials-info__wrapper\">\r\n<div class=\"differentials-info  \">\r\n<ul>\r\n<li class=\"differentials-info__name\"><em><strong>Turbo Ice<\/strong><\/em><\/li>\r\n<\/ul>\r\n<div class=\"differentials-info__description\">Tenha gelo mais r\u00e1pido sempre que precisar.<\/div>\r\n<\/div>\r\n<\/div>\r\n\r\n\r\n\r\n<div class=\"wp-block-spacer\" style=\"height: 12px;\" aria-hidden=\"true\">\u00a0<\/div>\r\n\r\n\r\n\r\n<figure class=\"wp-block-image size-full\"><img loading=\"lazy\" decoding=\"async\" width=\"900\" height=\"900\" class=\"wp-image-547\" src=\"http:\/\/culinariasemlactose.com\/curiosidades\/wp-content\/smush-avif\/2023\/11\/Tubo-ice-brastemp.png.avif\" alt=\"\" srcset=\"https:\/\/culinariasemlactose.com\/curiosidades\/wp-content\/smush-avif\/2023\/11\/Tubo-ice-brastemp.png.avif 900w, https:\/\/culinariasemlactose.com\/curiosidades\/wp-content\/smush-avif\/2023\/11\/Tubo-ice-brastemp-300x300.png.avif 300w, https:\/\/culinariasemlactose.com\/curiosidades\/wp-content\/smush-avif\/2023\/11\/Tubo-ice-brastemp-150x150.png.avif 150w, https:\/\/culinariasemlactose.com\/curiosidades\/wp-content\/smush-avif\/2023\/11\/Tubo-ice-brastemp-768x768.png.avif 768w, https:\/\/culinariasemlactose.com\/curiosidades\/wp-content\/smush-avif\/2023\/11\/Tubo-ice-brastemp-96x96.png.avif 96w\" sizes=\"(max-width: 900px) 100vw, 900px\" data-smush-avif-fallback=\"{&quot;src&quot;:&quot;http:\\\/\\\/culinariasemlactose.com\\\/curiosidades\\\/wp-content\\\/uploads\\\/2023\\\/11\\\/Tubo-ice-brastemp.png&quot;,&quot;srcset&quot;:&quot;https:\\\/\\\/culinariasemlactose.com\\\/curiosidades\\\/wp-content\\\/uploads\\\/2023\\\/11\\\/Tubo-ice-brastemp.png 900w, https:\\\/\\\/culinariasemlactose.com\\\/curiosidades\\\/wp-content\\\/uploads\\\/2023\\\/11\\\/Tubo-ice-brastemp-300x300.png 300w, https:\\\/\\\/culinariasemlactose.com\\\/curiosidades\\\/wp-content\\\/uploads\\\/2023\\\/11\\\/Tubo-ice-brastemp-150x150.png 150w, https:\\\/\\\/culinariasemlactose.com\\\/curiosidades\\\/wp-content\\\/uploads\\\/2023\\\/11\\\/Tubo-ice-brastemp-768x768.png 768w, https:\\\/\\\/culinariasemlactose.com\\\/curiosidades\\\/wp-content\\\/uploads\\\/2023\\\/11\\\/Tubo-ice-brastemp-96x96.png 96w&quot;}\" \/><\/figure>\r\n\r\n\r\n\r\n<ul>\r\n<li class=\"differentials-info__name\"><em><strong>Twist Ice Advanced<\/strong><\/em><\/li>\r\n<\/ul>\r\n<div class=\"differentials-info__description\">O exclusivo sistema Twist Ice Advanced permite abastecer as formas de gelo de um jeito inteligente, evitando molhar o ch\u00e3o da cozinha, al\u00e9m de desenformar o gelo facilmente e armazen\u00e1-lo em um recipiente port\u00e1til e pr\u00e1tico.<\/div>\r\n\r\n\r\n\r\n<figure class=\"wp-block-image size-full\"><img loading=\"lazy\" decoding=\"async\" width=\"1000\" height=\"1000\" class=\"wp-image-546\" src=\"http:\/\/culinariasemlactose.com\/curiosidades\/wp-content\/smush-avif\/2023\/11\/Geladeira-brastemp-twist.png.avif\" alt=\"\" srcset=\"https:\/\/culinariasemlactose.com\/curiosidades\/wp-content\/smush-avif\/2023\/11\/Geladeira-brastemp-twist.png.avif 1000w, https:\/\/culinariasemlactose.com\/curiosidades\/wp-content\/smush-avif\/2023\/11\/Geladeira-brastemp-twist-300x300.png.avif 300w, https:\/\/culinariasemlactose.com\/curiosidades\/wp-content\/smush-avif\/2023\/11\/Geladeira-brastemp-twist-150x150.png.avif 150w, https:\/\/culinariasemlactose.com\/curiosidades\/wp-content\/smush-avif\/2023\/11\/Geladeira-brastemp-twist-768x768.png.avif 768w, https:\/\/culinariasemlactose.com\/curiosidades\/wp-content\/smush-avif\/2023\/11\/Geladeira-brastemp-twist-96x96.png.avif 96w\" sizes=\"(max-width: 1000px) 100vw, 1000px\" data-smush-avif-fallback=\"{&quot;src&quot;:&quot;http:\\\/\\\/culinariasemlactose.com\\\/curiosidades\\\/wp-content\\\/uploads\\\/2023\\\/11\\\/Geladeira-brastemp-twist.png&quot;,&quot;srcset&quot;:&quot;https:\\\/\\\/culinariasemlactose.com\\\/curiosidades\\\/wp-content\\\/uploads\\\/2023\\\/11\\\/Geladeira-brastemp-twist.png 1000w, https:\\\/\\\/culinariasemlactose.com\\\/curiosidades\\\/wp-content\\\/uploads\\\/2023\\\/11\\\/Geladeira-brastemp-twist-300x300.png 300w, https:\\\/\\\/culinariasemlactose.com\\\/curiosidades\\\/wp-content\\\/uploads\\\/2023\\\/11\\\/Geladeira-brastemp-twist-150x150.png 150w, https:\\\/\\\/culinariasemlactose.com\\\/curiosidades\\\/wp-content\\\/uploads\\\/2023\\\/11\\\/Geladeira-brastemp-twist-768x768.png 768w, https:\\\/\\\/culinariasemlactose.com\\\/curiosidades\\\/wp-content\\\/uploads\\\/2023\\\/11\\\/Geladeira-brastemp-twist-96x96.png 96w&quot;}\" \/><\/figure>\r\n\r\n\r\n\r\n\r\n\r\n<ul>\r\n<li class=\"differentials-info__name\"><em><strong>Espa\u00e7o Adapt<\/strong><\/em><\/li>\r\n<\/ul>\r\n<div class=\"differentials-info__description\">Prateleiras com m\u00faltiplas combina\u00e7\u00f5es poss\u00edveis para armazenar itens de diversos tamanhos na porta de sua geladeira.<\/div>\r\n\r\n\r\n\r\n<figure class=\"wp-block-image size-full\"><img loading=\"lazy\" decoding=\"async\" width=\"900\" height=\"900\" class=\"wp-image-544\" src=\"http:\/\/culinariasemlactose.com\/curiosidades\/wp-content\/smush-avif\/2023\/11\/espaco-adapt-brastemp.png.avif\" alt=\"\" srcset=\"https:\/\/culinariasemlactose.com\/curiosidades\/wp-content\/smush-avif\/2023\/11\/espaco-adapt-brastemp.png.avif 900w, https:\/\/culinariasemlactose.com\/curiosidades\/wp-content\/smush-avif\/2023\/11\/espaco-adapt-brastemp-300x300.png.avif 300w, https:\/\/culinariasemlactose.com\/curiosidades\/wp-content\/smush-avif\/2023\/11\/espaco-adapt-brastemp-150x150.png.avif 150w, https:\/\/culinariasemlactose.com\/curiosidades\/wp-content\/smush-avif\/2023\/11\/espaco-adapt-brastemp-768x768.png.avif 768w, https:\/\/culinariasemlactose.com\/curiosidades\/wp-content\/smush-avif\/2023\/11\/espaco-adapt-brastemp-96x96.png.avif 96w\" sizes=\"(max-width: 900px) 100vw, 900px\" data-smush-avif-fallback=\"{&quot;src&quot;:&quot;http:\\\/\\\/culinariasemlactose.com\\\/curiosidades\\\/wp-content\\\/uploads\\\/2023\\\/11\\\/espaco-adapt-brastemp.png&quot;,&quot;srcset&quot;:&quot;https:\\\/\\\/culinariasemlactose.com\\\/curiosidades\\\/wp-content\\\/uploads\\\/2023\\\/11\\\/espaco-adapt-brastemp.png 900w, https:\\\/\\\/culinariasemlactose.com\\\/curiosidades\\\/wp-content\\\/uploads\\\/2023\\\/11\\\/espaco-adapt-brastemp-300x300.png 300w, https:\\\/\\\/culinariasemlactose.com\\\/curiosidades\\\/wp-content\\\/uploads\\\/2023\\\/11\\\/espaco-adapt-brastemp-150x150.png 150w, https:\\\/\\\/culinariasemlactose.com\\\/curiosidades\\\/wp-content\\\/uploads\\\/2023\\\/11\\\/espaco-adapt-brastemp-768x768.png 768w, https:\\\/\\\/culinariasemlactose.com\\\/curiosidades\\\/wp-content\\\/uploads\\\/2023\\\/11\\\/espaco-adapt-brastemp-96x96.png 96w&quot;}\" \/><\/figure>\r\n\r\n\r\n\r\n\r\n\r\n<ul>\r\n<li class=\"differentials-info__name\"><em><strong>Latas e Long Necks<\/strong><\/em><\/li>\r\n<\/ul>\r\n<div class=\"differentials-info__description\">Compartimento especial para gelar r\u00e1pido suas bebidas. Ele pode ser encaixado tanto no freezer como no refrigerador para gelar a cerveja ou o refrigerante, com um espa\u00e7o perfeito para 3 garrafas long neck ou 6 latas.<\/div>\r\n\r\n\r\n\r\n<figure class=\"wp-block-image size-full\"><img loading=\"lazy\" decoding=\"async\" width=\"900\" height=\"900\" class=\"wp-image-543\" src=\"http:\/\/culinariasemlactose.com\/curiosidades\/wp-content\/smush-avif\/2023\/11\/compartimento-de-latas.png.avif\" alt=\"\" srcset=\"https:\/\/culinariasemlactose.com\/curiosidades\/wp-content\/smush-avif\/2023\/11\/compartimento-de-latas.png.avif 900w, https:\/\/culinariasemlactose.com\/curiosidades\/wp-content\/smush-avif\/2023\/11\/compartimento-de-latas-300x300.png.avif 300w, https:\/\/culinariasemlactose.com\/curiosidades\/wp-content\/smush-avif\/2023\/11\/compartimento-de-latas-150x150.png.avif 150w, https:\/\/culinariasemlactose.com\/curiosidades\/wp-content\/smush-avif\/2023\/11\/compartimento-de-latas-768x768.png.avif 768w, https:\/\/culinariasemlactose.com\/curiosidades\/wp-content\/smush-avif\/2023\/11\/compartimento-de-latas-96x96.png.avif 96w\" sizes=\"(max-width: 900px) 100vw, 900px\" data-smush-avif-fallback=\"{&quot;src&quot;:&quot;http:\\\/\\\/culinariasemlactose.com\\\/curiosidades\\\/wp-content\\\/uploads\\\/2023\\\/11\\\/compartimento-de-latas.png&quot;,&quot;srcset&quot;:&quot;https:\\\/\\\/culinariasemlactose.com\\\/curiosidades\\\/wp-content\\\/uploads\\\/2023\\\/11\\\/compartimento-de-latas.png 900w, https:\\\/\\\/culinariasemlactose.com\\\/curiosidades\\\/wp-content\\\/uploads\\\/2023\\\/11\\\/compartimento-de-latas-300x300.png 300w, https:\\\/\\\/culinariasemlactose.com\\\/curiosidades\\\/wp-content\\\/uploads\\\/2023\\\/11\\\/compartimento-de-latas-150x150.png 150w, https:\\\/\\\/culinariasemlactose.com\\\/curiosidades\\\/wp-content\\\/uploads\\\/2023\\\/11\\\/compartimento-de-latas-768x768.png 768w, https:\\\/\\\/culinariasemlactose.com\\\/curiosidades\\\/wp-content\\\/uploads\\\/2023\\\/11\\\/compartimento-de-latas-96x96.png 96w&quot;}\" \/><\/figure>\r\n\r\n\r\n\r\n<div class=\"differentials-info  \">\r\n<ul>\r\n<li class=\"differentials-info__name\"><em><strong>Cooling Control<\/strong><\/em><\/li>\r\n<\/ul>\r\n<div class=\"differentials-info__description\">A tecnologia Cooling Control mant\u00e9m os alimentos bem conservados em qualquer lugar da geladeira. Isso porque conta com m\u00faltiplas sa\u00eddas de ar que possibilitam uma temperatura homog\u00eanea em todo o seu interior.<\/div>\r\n<div>\u00a0<\/div>\r\n<\/div>\r\n<div class=\"differentials-info  \">\r\n<ul>\r\n<li class=\"differentials-info__name\"><em><strong>Tecnologia Evox<\/strong><\/em><\/li>\r\n<\/ul>\r\n<div class=\"differentials-info__description\">Protege sua geladeira da ferrugem e corros\u00e3o com uma camada de zinco e uma pel\u00edcula impermeabilizante aplicadas sobre o a\u00e7o. Tecnologia Evox com 3 anos de garantia contra ferrugem e corros\u00e3o na porta da sua geladeira<\/div>\r\n<\/div>\r\n\r\n\r\n\r\n<figure class=\"wp-block-image size-full\"><img loading=\"lazy\" decoding=\"async\" width=\"856\" height=\"978\" class=\"wp-image-545\" src=\"http:\/\/culinariasemlactose.com\/curiosidades\/wp-content\/smush-avif\/2023\/11\/Geladeira-brastemp-aberta.png.avif\" alt=\"\" srcset=\"https:\/\/culinariasemlactose.com\/curiosidades\/wp-content\/smush-avif\/2023\/11\/Geladeira-brastemp-aberta.png.avif 856w, https:\/\/culinariasemlactose.com\/curiosidades\/wp-content\/smush-avif\/2023\/11\/Geladeira-brastemp-aberta-263x300.png.avif 263w, https:\/\/culinariasemlactose.com\/curiosidades\/wp-content\/smush-avif\/2023\/11\/Geladeira-brastemp-aberta-768x877.png.avif 768w, https:\/\/culinariasemlactose.com\/curiosidades\/wp-content\/smush-avif\/2023\/11\/Geladeira-brastemp-aberta-150x171.png.avif 150w\" sizes=\"(max-width: 856px) 100vw, 856px\" data-smush-avif-fallback=\"{&quot;src&quot;:&quot;http:\\\/\\\/culinariasemlactose.com\\\/curiosidades\\\/wp-content\\\/uploads\\\/2023\\\/11\\\/Geladeira-brastemp-aberta.png&quot;,&quot;srcset&quot;:&quot;https:\\\/\\\/culinariasemlactose.com\\\/curiosidades\\\/wp-content\\\/uploads\\\/2023\\\/11\\\/Geladeira-brastemp-aberta.png 856w, https:\\\/\\\/culinariasemlactose.com\\\/curiosidades\\\/wp-content\\\/uploads\\\/2023\\\/11\\\/Geladeira-brastemp-aberta-263x300.png 263w, https:\\\/\\\/culinariasemlactose.com\\\/curiosidades\\\/wp-content\\\/uploads\\\/2023\\\/11\\\/Geladeira-brastemp-aberta-768x877.png 768w, https:\\\/\\\/culinariasemlactose.com\\\/curiosidades\\\/wp-content\\\/uploads\\\/2023\\\/11\\\/Geladeira-brastemp-aberta-150x171.png 150w&quot;}\" \/><\/figure>\r\n\r\n\r\n\r\n<div class=\"wp-block-spacer\" style=\"height: 25px;\" aria-hidden=\"true\">\u00a0<\/div>\r\n\r\n\r\n<div class=\"wp-block-affiliatex-product-table\" id=\"affiliatex-pdt-table-style-ed29c26c-3a34-45ed-aba7-d37e7311ae1e\">\n\t<div class=\"affx-pdt-table-container--free affx-block-admin layout-3\">\n\t\t<div class=\"affx-pdt-table-wrapper\">\n\t\t\t\t\t\t\t<div class=\"affx-pdt-table-single\">\n\t\t\t\t<div class=\"affx-pdt-img-wrapper\">\n\t<img loading=\"lazy\" decoding=\"async\" width=\"856\" height=\"993\" src=\"https:\/\/culinariasemlactose.com\/curiosidades\/wp-content\/smush-avif\/2023\/11\/Geladeira-BRE57AK.png.avif\" class=\"attachment-full size-full\" alt=\"\" style=\"height: auto\" data-smush-avif-fallback=\"{&quot;src&quot;:&quot;https:\\\/\\\/culinariasemlactose.com\\\/curiosidades\\\/wp-content\\\/uploads\\\/2023\\\/11\\\/Geladeira-BRE57AK.png&quot;}\" \/><\/div>\n\t\t<div class=\"affx-pdt-content-wrap\">\n\t\t<div class=\"affx-content-left\">\n\t\t\t\t\t\t\t\t\t\t<span class=\"affx-pdt-ribbon\">Top 1 dos Mais Vendidos<\/span>\n\t\t\t\t\t\t\t<h5 class=\"affx-pdt-name\">Geladeira Frost Free Brastemp Inverse 2 Portas 443L Evox BRE57AK 127V<\/h5>\n\t\t\t<div class=\"affx-rating-wrap\">\t\t\t<span style=\"color:#FFB800;width:25px;height:25px\"><svg fill=\"currentColor\" width=\"25\" height=\"25\" viewBox=\"0 0 24 24\"><path d=\"M12 17.27L18.18 21l-1.64-7.03L22 9.24l-7.19-.61L12 2 9.19 8.63 2 9.24l5.46 4.73L5.82 21z\"><\/path><\/svg><\/span><span style=\"color:#FFB800;width:25px;height:25px\"><svg fill=\"currentColor\" width=\"25\" height=\"25\" viewBox=\"0 0 24 24\"><path d=\"M12 17.27L18.18 21l-1.64-7.03L22 9.24l-7.19-.61L12 2 9.19 8.63 2 9.24l5.46 4.73L5.82 21z\"><\/path><\/svg><\/span><span style=\"color:#FFB800;width:25px;height:25px\"><svg fill=\"currentColor\" width=\"25\" height=\"25\" viewBox=\"0 0 24 24\"><path d=\"M12 17.27L18.18 21l-1.64-7.03L22 9.24l-7.19-.61L12 2 9.19 8.63 2 9.24l5.46 4.73L5.82 21z\"><\/path><\/svg><\/span><span style=\"color:#FFB800;width:25px;height:25px\"><svg fill=\"currentColor\" width=\"25\" height=\"25\" viewBox=\"0 0 24 24\"><path d=\"M12 17.27L18.18 21l-1.64-7.03L22 9.24l-7.19-.61L12 2 9.19 8.63 2 9.24l5.46 4.73L5.82 21z\"><\/path><\/svg><\/span><span style=\"color:#FFB800;width:25px;height:25px\"><svg fill=\"currentColor\" width=\"25\" height=\"25\" viewBox=\"0 0 24 24\"><path d=\"M12 17.27L18.18 21l-1.64-7.03L22 9.24l-7.19-.61L12 2 9.19 8.63 2 9.24l5.46 4.73L5.82 21z\"><\/path><\/svg><\/span>\t<\/div>\n\t\t\t\t\t\t<div class=\"affx-pdt-desc\">\t\t<ul class=\"affiliatex-list affiliatex-list-type-unordered afx-icon-list\">\n\t\t\t\t\t\t\t\t\t\t\t\t\t\t<li>\n\t\t\t\t\t\t\t\t\t\t\t<i class=\"far fa-check-circle\"><\/i>\n\t\t\t\t\t\t\t\t\t\t<span>Turbo Ice<\/span>\n\t\t\t\t<\/li>\n\t\t\t\t\t\t\t\t\t\t\t\t\t\t\t\t<li>\n\t\t\t\t\t\t\t\t\t\t\t<i class=\"far fa-check-circle\"><\/i>\n\t\t\t\t\t\t\t\t\t\t<span>Twist Ice Advanced<\/span>\n\t\t\t\t<\/li>\n\t\t\t\t\t\t\t\t\t\t\t\t\t\t\t\t<li>\n\t\t\t\t\t\t\t\t\t\t\t<i class=\"far fa-check-circle\"><\/i>\n\t\t\t\t\t\t\t\t\t\t<span>Espa\u00e7o Adapt<\/span>\n\t\t\t\t<\/li>\n\t\t\t\t\t\t\t\t\t\t\t\t\t\t\t\t<li>\n\t\t\t\t\t\t\t\t\t\t\t<i class=\"far fa-check-circle\"><\/i>\n\t\t\t\t\t\t\t\t\t\t<span>Latas e Long Necks<\/span>\n\t\t\t\t<\/li>\n\t\t\t\t\t\t\t\t\t\t\t\t\t\t\t\t<li>\n\t\t\t\t\t\t\t\t\t\t\t<i class=\"far fa-check-circle\"><\/i>\n\t\t\t\t\t\t\t\t\t\t<span>Cooling Control<\/span>\n\t\t\t\t<\/li>\n\t\t\t\t\t\t\t\t\t\t\t\t\t\t\t\t<li>\n\t\t\t\t\t\t\t\t\t\t\t<i class=\"far fa-check-circle\"><\/i>\n\t\t\t\t\t\t\t\t\t\t<span>Tecnologia Evox<\/span>\n\t\t\t\t<\/li>\n\t\t\t\t\t\t\t<\/ul>\n<\/div>\n\t\t<\/div>\n\t\t<div class=\"affx-pdt-button-wrap\">\n\t\t\t<div class=\"affx-btn-wrapper\">\n\t\t\t\t<div class=\"affx-btn-inner\">\n\t<a href=\"https:\/\/amzn.to\/3u2fiMA\" class=\"affiliatex-button primary icon-btn icon-right\" rel=\"&quot;nofollow&quot; noopener\" target=\"_blank\">\n\t\t\t\tCompre agora\t\t\t\t\t<i class=\"button-icon fas fa-angle-right\"><\/i>\n\t\t\t<\/a>\n<\/div>\n\t\t\t\t\t\t\t<\/div>\n\t\t<\/div>\n\t<\/div>\n<\/div>\n\t\t\t\t\t<\/div>\n\t<\/div>\n<\/div>\n\r\n\r\n\r\n<div class=\"wp-block-spacer\" style=\"height: 20px;\" aria-hidden=\"true\">\u00a0<\/div>\r\n\r\n\r\n\r\n<h2 class=\"wp-block-heading has-text-align-center\" style=\"font-size: 30px;\"><span class=\"ez-toc-section\" id=\"2o-Geladeira_Electrolux_Cycle_Defrost_240L_Degelo_Pratico_Uma_Porta_Branca_RE31_A_escolha_perfeita_para_sua_cozinha\"><\/span>2\u00ba-Geladeira Electrolux Cycle Defrost 240L Degelo Pr\u00e1tico Uma Porta Branca (RE31): A escolha perfeita para sua cozinha!<span class=\"ez-toc-section-end\"><\/span><\/h2>\r\n\r\n\r\n\r\n<figure class=\"wp-block-image size-full\"><img loading=\"lazy\" decoding=\"async\" width=\"900\" height=\"801\" class=\"wp-image-562\" src=\"http:\/\/culinariasemlactose.com\/curiosidades\/wp-content\/smush-avif\/2023\/11\/Geladeira-Eletrolux.png.avif\" alt=\"\" srcset=\"https:\/\/culinariasemlactose.com\/curiosidades\/wp-content\/smush-avif\/2023\/11\/Geladeira-Eletrolux.png.avif 900w, https:\/\/culinariasemlactose.com\/curiosidades\/wp-content\/smush-avif\/2023\/11\/Geladeira-Eletrolux-300x267.png.avif 300w, https:\/\/culinariasemlactose.com\/curiosidades\/wp-content\/smush-avif\/2023\/11\/Geladeira-Eletrolux-768x684.png.avif 768w, https:\/\/culinariasemlactose.com\/curiosidades\/wp-content\/smush-avif\/2023\/11\/Geladeira-Eletrolux-150x134.png.avif 150w\" sizes=\"(max-width: 900px) 100vw, 900px\" data-smush-avif-fallback=\"{&quot;src&quot;:&quot;http:\\\/\\\/culinariasemlactose.com\\\/curiosidades\\\/wp-content\\\/uploads\\\/2023\\\/11\\\/Geladeira-Eletrolux.png&quot;,&quot;srcset&quot;:&quot;https:\\\/\\\/culinariasemlactose.com\\\/curiosidades\\\/wp-content\\\/uploads\\\/2023\\\/11\\\/Geladeira-Eletrolux.png 900w, https:\\\/\\\/culinariasemlactose.com\\\/curiosidades\\\/wp-content\\\/uploads\\\/2023\\\/11\\\/Geladeira-Eletrolux-300x267.png 300w, https:\\\/\\\/culinariasemlactose.com\\\/curiosidades\\\/wp-content\\\/uploads\\\/2023\\\/11\\\/Geladeira-Eletrolux-768x684.png 768w, https:\\\/\\\/culinariasemlactose.com\\\/curiosidades\\\/wp-content\\\/uploads\\\/2023\\\/11\\\/Geladeira-Eletrolux-150x134.png 150w&quot;}\" \/><\/figure>\r\n\r\n\r\n\r\n<div class=\"wp-block-spacer\" style=\"height: 12px;\" aria-hidden=\"true\">\u00a0<\/div>\r\n\r\n\r\n\r\n<p>Voc\u00ea est\u00e1 procurando um refrigerador que seja eficiente, espa\u00e7oso e que se encaixe perfeitamente na sua cozinha? Ent\u00e3o voc\u00ea precisa conhecer o <a href=\"https:\/\/amzn.to\/3sj2roC\" target=\"_blank\" rel=\"nofollow noopener\">Refrigerador 240L 1 Porta Classe A<\/a> 110 Volts da Electrolux. Com seu design moderno, capacidade de 240 litros e <strong>classifica\u00e7\u00e3o energ\u00e9tica A<\/strong>, esse eletrodom\u00e9stico \u00e9 a escolha perfeita para manter seus alimentos frescos e organizados.<\/p>\r\n<p>Com o Refrigerador 240L 1 Porta Classe A , voc\u00ea ter\u00e1 espa\u00e7o de sobra para armazenar todos os alimentos da sua fam\u00edlia. Seu amplo compartimento interno conta com <strong>prateleiras ajust\u00e1veis<\/strong>, <strong>gaveta para legumes e frutas<\/strong>, al\u00e9m de um congelador espa\u00e7oso na parte superior. Assim, voc\u00ea poder\u00e1 organizar seus alimentos de forma pr\u00e1tica e funcional.<\/p>\r\n<p>Al\u00e9m de oferecer espa\u00e7o de sobra, o Refrigerador 240L 1 Porta Classe A 110 Volts tamb\u00e9m \u00e9 extremamente eficiente. Com sua classifica\u00e7\u00e3o energ\u00e9tica A, ele <strong>consome menos energia,<\/strong> ajudando a reduzir sua conta de luz. Isso significa que voc\u00ea poder\u00e1 ter um refrigerador potente e econ\u00f4mico ao mesmo tempo.<\/p>\r\n<p>Outro destaque desse refrigerador \u00e9 seu design moderno e elegante. Com sua cor branca e acabamento impec\u00e1vel, ele se encaixa perfeitamente em qualquer estilo de cozinha. Al\u00e9m disso, sua porta revers\u00edvel permite que voc\u00ea escolha o lado de abertura que melhor se adapte ao seu espa\u00e7o.<\/p>\r\n<p>E n\u00e3o podemos deixar de mencionar a qualidade e durabilidade dos produtos Electrolux. Com anos de experi\u00eancia no mercado, a Electrolux \u00e9 uma marca renomada e confi\u00e1vel. Ao escolher o Refrigerador 240L 1 Porta Classe A 110 Volts, voc\u00ea estar\u00e1 adquirindo um produto de alta qualidade que ir\u00e1 atender todas as suas necessidades.<\/p>\r\n<p>Em resumo, o Refrigerador 240L 1 Porta Classe A 110 Volts da Electrolux \u00e9 a escolha perfeita para quem busca um refrigerador eficiente, espa\u00e7oso e com design moderno. Com sua capacidade de 240 litros, classifica\u00e7\u00e3o energ\u00e9tica A e acabamento impec\u00e1vel, ele ir\u00e1 atender todas as suas necessidades e ainda deixar sua cozinha mais bonita. N\u00e3o perca tempo, <a href=\"https:\/\/amzn.to\/3sj2roC\" target=\"_blank\" rel=\"nofollow noopener\">adquira j\u00e1<\/a> o seu e desfrute de todas as vantagens que esse eletrodom\u00e9stico tem a oferecer!<\/p>\r\n\r\n\r\n\r\n<div class=\"wp-block-spacer\" style=\"height: 32px;\" aria-hidden=\"true\">\u00a0<\/div>\r\n\r\n\r\n\r\n<div id=\"affiliatex-single-product-style-1777bbc2-d921-45b1-bc12-8e4fb33c83f9\" class=\"wp-block-affiliatex-single-product\">\r\n<div class=\"affx-single-product-wrapper product-layout-1\">\r\n<div class=\"affx-sp-inner\">\r\n<div class=\"affx-sp-content image-left \">\r\n<div class=\"affx-sp-ribbon ribbon-layout-1\">\r\n<div class=\"affx-sp-ribbon-title\">Top 2<\/div>\r\n<\/div>\r\n<div class=\"affx-sp-img-wrapper\"><img decoding=\"async\" src=\"http:\/\/culinariasemlactose.com\/curiosidades\/wp-content\/smush-avif\/2023\/11\/Geladeira-Eletrolux.png.avif\" data-smush-avif-fallback=\"{&quot;src&quot;:&quot;http:\\\/\\\/culinariasemlactose.com\\\/curiosidades\\\/wp-content\\\/uploads\\\/2023\\\/11\\\/Geladeira-Eletrolux.png&quot;}\" \/><\/div>\r\n<div class=\"affx-sp-content-wrapper\">\r\n<div class=\"title-wrapper affx-star-rating \">\r\n<div class=\"affx-title-left\">\r\n<h4 class=\"affx-single-product-title\">Geladeira Electrolux Cycle Defrost 240L Degelo Pr\u00e1tico Uma Porta Branca (RE31)<\/h4>\r\n<\/div>\r\n<div class=\"affx-sp-pricing-pic rating-align-left\">\u00a0<\/div>\r\n<\/div>\r\n<div class=\"affx-single-product-content\">\r\n<p class=\"affiliatex-content\">Design \u00fanico e moderno que combina com a sua cozinha. Novo Controle externo da temperatura que facilita o ajuste da temperatura sem precisar abrir a porta. Prateleira porta-latas revers\u00edvel para 5 unidades, gaveta extra fria. Al\u00e9m do degelo pr\u00e1tico, basta apertar o bot\u00e3o para descongelar.<\/p>\r\n<\/div>\r\n<div class=\"button-wrapper\"><div class=\"affx-btn-wrapper wp-block-affiliatex-buttons\" id=\"affiliatex-blocks-style-c269df75-eeae-44fe-a002-fb659bd07222\">\n\t<div class=\"affx-btn-inner\">\n\t\t<a href=\"https:\/\/amzn.to\/3sj2roC\" class=\"affiliatex-button btn-align-flex-start btn-is-medium btn-is-flex-medium icon-left\" rel=\"noopener nofollow\" target=\"_blank\">\n\t\t\t\t\t\t<span class=\"affiliatex-btn\">Compre Agora<\/span>\n\t\t\t\t\t\t\t\t<\/a>\n\t<\/div>\n<\/div>\n<\/div>\r\n<\/div>\r\n<\/div>\r\n<\/div>\r\n<\/div>\r\n<\/div>\r\n\r\n\r\n\r\n<h3 class=\"wp-block-heading has-text-align-center\" style=\"font-size: 27px;\">Voc\u00ea quer saber mais sobre a Geladeira Electrolux Cycle Defrost 240L Degelo Pr\u00e1tico Uma Porta Branca (RE31)?<\/h3>\r\n\r\n\r\n\r\n<p><b>Este modelo \u00e9 Cyclo defrost!<\/b><\/p>\r\n<p>A Electrolux possui 2 tipos de geladeira, Cycle Defrost e Frost Free.<\/p>\r\n<p>A diferen\u00e7a entre os 2 \u00e9 simples, a Frost free n\u00e3o acumula gelo, por isso, voc\u00ea n\u00e3o precisa descongelar nunca. J\u00e1 a cycle defrost acumula um pouco, e precisa ser descongelada em torno de 2 vezes ao ano.<\/p>\r\n<p>Por isso, normalmente o freezer dele \u00e9 maior, pois tem um compartimento de condensador de gelo.<\/p>\r\n<p>Em resumo, se voc\u00ea quer mais praticidade, a frost free \u00e9 mais indicada. Mas, se quer economizar a cycle defrost \u00e9 uma boa op\u00e7\u00e3o.<\/p>\r\n\r\n\r\n\r\n<figure class=\"wp-block-gallery aligncenter has-nested-images columns-default is-cropped wp-block-gallery-2 is-layout-flex wp-block-gallery-is-layout-flex\">\r\n<figure class=\"wp-block-image size-large\"><img loading=\"lazy\" decoding=\"async\" width=\"900\" height=\"801\" data-id=\"562\" class=\"wp-image-562\" src=\"http:\/\/culinariasemlactose.com\/curiosidades\/wp-content\/smush-avif\/2023\/11\/Geladeira-Eletrolux.png.avif\" alt=\"\" srcset=\"https:\/\/culinariasemlactose.com\/curiosidades\/wp-content\/smush-avif\/2023\/11\/Geladeira-Eletrolux.png.avif 900w, https:\/\/culinariasemlactose.com\/curiosidades\/wp-content\/smush-avif\/2023\/11\/Geladeira-Eletrolux-300x267.png.avif 300w, https:\/\/culinariasemlactose.com\/curiosidades\/wp-content\/smush-avif\/2023\/11\/Geladeira-Eletrolux-768x684.png.avif 768w, https:\/\/culinariasemlactose.com\/curiosidades\/wp-content\/smush-avif\/2023\/11\/Geladeira-Eletrolux-150x134.png.avif 150w\" sizes=\"(max-width: 900px) 100vw, 900px\" data-smush-avif-fallback=\"{&quot;src&quot;:&quot;http:\\\/\\\/culinariasemlactose.com\\\/curiosidades\\\/wp-content\\\/uploads\\\/2023\\\/11\\\/Geladeira-Eletrolux.png&quot;,&quot;srcset&quot;:&quot;https:\\\/\\\/culinariasemlactose.com\\\/curiosidades\\\/wp-content\\\/uploads\\\/2023\\\/11\\\/Geladeira-Eletrolux.png 900w, https:\\\/\\\/culinariasemlactose.com\\\/curiosidades\\\/wp-content\\\/uploads\\\/2023\\\/11\\\/Geladeira-Eletrolux-300x267.png 300w, https:\\\/\\\/culinariasemlactose.com\\\/curiosidades\\\/wp-content\\\/uploads\\\/2023\\\/11\\\/Geladeira-Eletrolux-768x684.png 768w, https:\\\/\\\/culinariasemlactose.com\\\/curiosidades\\\/wp-content\\\/uploads\\\/2023\\\/11\\\/Geladeira-Eletrolux-150x134.png 150w&quot;}\" \/><\/figure>\r\n\r\n\r\n\r\n<figure class=\"wp-block-image size-large\"><img loading=\"lazy\" decoding=\"async\" width=\"900\" height=\"724\" data-id=\"567\" class=\"wp-image-567\" src=\"http:\/\/culinariasemlactose.com\/curiosidades\/wp-content\/smush-avif\/2023\/11\/Geladeira-240l.png.avif\" alt=\"\" srcset=\"https:\/\/culinariasemlactose.com\/curiosidades\/wp-content\/smush-avif\/2023\/11\/Geladeira-240l.png.avif 900w, https:\/\/culinariasemlactose.com\/curiosidades\/wp-content\/smush-avif\/2023\/11\/Geladeira-240l-300x241.png.avif 300w, https:\/\/culinariasemlactose.com\/curiosidades\/wp-content\/smush-avif\/2023\/11\/Geladeira-240l-768x618.png.avif 768w, https:\/\/culinariasemlactose.com\/curiosidades\/wp-content\/smush-avif\/2023\/11\/Geladeira-240l-150x121.png.avif 150w\" sizes=\"(max-width: 900px) 100vw, 900px\" data-smush-avif-fallback=\"{&quot;src&quot;:&quot;http:\\\/\\\/culinariasemlactose.com\\\/curiosidades\\\/wp-content\\\/uploads\\\/2023\\\/11\\\/Geladeira-240l.png&quot;,&quot;srcset&quot;:&quot;https:\\\/\\\/culinariasemlactose.com\\\/curiosidades\\\/wp-content\\\/uploads\\\/2023\\\/11\\\/Geladeira-240l.png 900w, https:\\\/\\\/culinariasemlactose.com\\\/curiosidades\\\/wp-content\\\/uploads\\\/2023\\\/11\\\/Geladeira-240l-300x241.png 300w, https:\\\/\\\/culinariasemlactose.com\\\/curiosidades\\\/wp-content\\\/uploads\\\/2023\\\/11\\\/Geladeira-240l-768x618.png 768w, https:\\\/\\\/culinariasemlactose.com\\\/curiosidades\\\/wp-content\\\/uploads\\\/2023\\\/11\\\/Geladeira-240l-150x121.png 150w&quot;}\" \/><\/figure>\r\n\r\n\r\n\r\n<figure class=\"wp-block-image size-large\"><img loading=\"lazy\" decoding=\"async\" width=\"770\" height=\"900\" data-id=\"568\" class=\"wp-image-568\" src=\"http:\/\/culinariasemlactose.com\/curiosidades\/wp-content\/smush-avif\/2023\/11\/Geladdeira-240.png.avif\" alt=\"\" srcset=\"https:\/\/culinariasemlactose.com\/curiosidades\/wp-content\/smush-avif\/2023\/11\/Geladdeira-240.png.avif 770w, https:\/\/culinariasemlactose.com\/curiosidades\/wp-content\/smush-avif\/2023\/11\/Geladdeira-240-257x300.png.avif 257w, https:\/\/culinariasemlactose.com\/curiosidades\/wp-content\/smush-avif\/2023\/11\/Geladdeira-240-768x898.png.avif 768w, https:\/\/culinariasemlactose.com\/curiosidades\/wp-content\/smush-avif\/2023\/11\/Geladdeira-240-150x175.png.avif 150w\" sizes=\"(max-width: 770px) 100vw, 770px\" data-smush-avif-fallback=\"{&quot;src&quot;:&quot;http:\\\/\\\/culinariasemlactose.com\\\/curiosidades\\\/wp-content\\\/uploads\\\/2023\\\/11\\\/Geladdeira-240.png&quot;,&quot;srcset&quot;:&quot;https:\\\/\\\/culinariasemlactose.com\\\/curiosidades\\\/wp-content\\\/uploads\\\/2023\\\/11\\\/Geladdeira-240.png 770w, https:\\\/\\\/culinariasemlactose.com\\\/curiosidades\\\/wp-content\\\/uploads\\\/2023\\\/11\\\/Geladdeira-240-257x300.png 257w, https:\\\/\\\/culinariasemlactose.com\\\/curiosidades\\\/wp-content\\\/uploads\\\/2023\\\/11\\\/Geladdeira-240-768x898.png 768w, https:\\\/\\\/culinariasemlactose.com\\\/curiosidades\\\/wp-content\\\/uploads\\\/2023\\\/11\\\/Geladdeira-240-150x175.png 150w&quot;}\" \/><\/figure>\r\n\r\n\r\n\r\n<figure class=\"wp-block-image size-large\"><img loading=\"lazy\" decoding=\"async\" width=\"900\" height=\"562\" data-id=\"569\" class=\"wp-image-569\" src=\"http:\/\/culinariasemlactose.com\/curiosidades\/wp-content\/smush-avif\/2023\/11\/Geladeira-eletrolux-240-l.png.avif\" alt=\"\" srcset=\"https:\/\/culinariasemlactose.com\/curiosidades\/wp-content\/smush-avif\/2023\/11\/Geladeira-eletrolux-240-l.png.avif 900w, https:\/\/culinariasemlactose.com\/curiosidades\/wp-content\/smush-avif\/2023\/11\/Geladeira-eletrolux-240-l-300x187.png.avif 300w, https:\/\/culinariasemlactose.com\/curiosidades\/wp-content\/smush-avif\/2023\/11\/Geladeira-eletrolux-240-l-768x480.png.avif 768w, https:\/\/culinariasemlactose.com\/curiosidades\/wp-content\/smush-avif\/2023\/11\/Geladeira-eletrolux-240-l-150x94.png.avif 150w\" sizes=\"(max-width: 900px) 100vw, 900px\" data-smush-avif-fallback=\"{&quot;src&quot;:&quot;http:\\\/\\\/culinariasemlactose.com\\\/curiosidades\\\/wp-content\\\/uploads\\\/2023\\\/11\\\/Geladeira-eletrolux-240-l.png&quot;,&quot;srcset&quot;:&quot;https:\\\/\\\/culinariasemlactose.com\\\/curiosidades\\\/wp-content\\\/uploads\\\/2023\\\/11\\\/Geladeira-eletrolux-240-l.png 900w, https:\\\/\\\/culinariasemlactose.com\\\/curiosidades\\\/wp-content\\\/uploads\\\/2023\\\/11\\\/Geladeira-eletrolux-240-l-300x187.png 300w, https:\\\/\\\/culinariasemlactose.com\\\/curiosidades\\\/wp-content\\\/uploads\\\/2023\\\/11\\\/Geladeira-eletrolux-240-l-768x480.png 768w, https:\\\/\\\/culinariasemlactose.com\\\/curiosidades\\\/wp-content\\\/uploads\\\/2023\\\/11\\\/Geladeira-eletrolux-240-l-150x94.png 150w&quot;}\" \/><\/figure>\r\n\r\n\r\n\r\n<figure class=\"wp-block-image size-large\"><img loading=\"lazy\" decoding=\"async\" width=\"900\" height=\"682\" data-id=\"570\" class=\"wp-image-570\" src=\"http:\/\/culinariasemlactose.com\/curiosidades\/wp-content\/smush-avif\/2023\/11\/Geladeira-gaveta-de-verduras.png.avif\" alt=\"\" srcset=\"https:\/\/culinariasemlactose.com\/curiosidades\/wp-content\/smush-avif\/2023\/11\/Geladeira-gaveta-de-verduras.png.avif 900w, https:\/\/culinariasemlactose.com\/curiosidades\/wp-content\/smush-avif\/2023\/11\/Geladeira-gaveta-de-verduras-300x227.png.avif 300w, https:\/\/culinariasemlactose.com\/curiosidades\/wp-content\/smush-avif\/2023\/11\/Geladeira-gaveta-de-verduras-768x582.png.avif 768w, https:\/\/culinariasemlactose.com\/curiosidades\/wp-content\/smush-avif\/2023\/11\/Geladeira-gaveta-de-verduras-150x114.png.avif 150w\" sizes=\"(max-width: 900px) 100vw, 900px\" data-smush-avif-fallback=\"{&quot;src&quot;:&quot;http:\\\/\\\/culinariasemlactose.com\\\/curiosidades\\\/wp-content\\\/uploads\\\/2023\\\/11\\\/Geladeira-gaveta-de-verduras.png&quot;,&quot;srcset&quot;:&quot;https:\\\/\\\/culinariasemlactose.com\\\/curiosidades\\\/wp-content\\\/uploads\\\/2023\\\/11\\\/Geladeira-gaveta-de-verduras.png 900w, https:\\\/\\\/culinariasemlactose.com\\\/curiosidades\\\/wp-content\\\/uploads\\\/2023\\\/11\\\/Geladeira-gaveta-de-verduras-300x227.png 300w, https:\\\/\\\/culinariasemlactose.com\\\/curiosidades\\\/wp-content\\\/uploads\\\/2023\\\/11\\\/Geladeira-gaveta-de-verduras-768x582.png 768w, https:\\\/\\\/culinariasemlactose.com\\\/curiosidades\\\/wp-content\\\/uploads\\\/2023\\\/11\\\/Geladeira-gaveta-de-verduras-150x114.png 150w&quot;}\" \/><\/figure>\r\n\r\n\r\n\r\n<figure class=\"wp-block-image size-large\"><img loading=\"lazy\" decoding=\"async\" width=\"900\" height=\"684\" data-id=\"571\" class=\"wp-image-571\" src=\"http:\/\/culinariasemlactose.com\/curiosidades\/wp-content\/smush-avif\/2023\/11\/Geladeira-gaveta-freezer.png.avif\" alt=\"\" srcset=\"https:\/\/culinariasemlactose.com\/curiosidades\/wp-content\/smush-avif\/2023\/11\/Geladeira-gaveta-freezer.png.avif 900w, https:\/\/culinariasemlactose.com\/curiosidades\/wp-content\/smush-avif\/2023\/11\/Geladeira-gaveta-freezer-300x228.png.avif 300w, https:\/\/culinariasemlactose.com\/curiosidades\/wp-content\/smush-avif\/2023\/11\/Geladeira-gaveta-freezer-768x584.png.avif 768w, https:\/\/culinariasemlactose.com\/curiosidades\/wp-content\/smush-avif\/2023\/11\/Geladeira-gaveta-freezer-150x114.png.avif 150w\" sizes=\"(max-width: 900px) 100vw, 900px\" data-smush-avif-fallback=\"{&quot;src&quot;:&quot;http:\\\/\\\/culinariasemlactose.com\\\/curiosidades\\\/wp-content\\\/uploads\\\/2023\\\/11\\\/Geladeira-gaveta-freezer.png&quot;,&quot;srcset&quot;:&quot;https:\\\/\\\/culinariasemlactose.com\\\/curiosidades\\\/wp-content\\\/uploads\\\/2023\\\/11\\\/Geladeira-gaveta-freezer.png 900w, https:\\\/\\\/culinariasemlactose.com\\\/curiosidades\\\/wp-content\\\/uploads\\\/2023\\\/11\\\/Geladeira-gaveta-freezer-300x228.png 300w, https:\\\/\\\/culinariasemlactose.com\\\/curiosidades\\\/wp-content\\\/uploads\\\/2023\\\/11\\\/Geladeira-gaveta-freezer-768x584.png 768w, https:\\\/\\\/culinariasemlactose.com\\\/curiosidades\\\/wp-content\\\/uploads\\\/2023\\\/11\\\/Geladeira-gaveta-freezer-150x114.png 150w&quot;}\" \/><\/figure>\r\n<\/figure>\r\n\r\n\r\n\r\n<ul>\r\n<li><em><b>Design \u00danico com Puxador Ergon\u00f4mico e Integrado<\/b><\/em><br \/>Design moderno que combina com a cozinha. Puxador embutido, bonito e f\u00e1cil de limpar;<\/li>\r\n<\/ul>\r\n<p>&nbsp;<\/p>\r\n<ul>\r\n<li><b>Novo Controle Externo da Temperatura<\/b><br \/>Facilita o ajuste da temperatura do refrigerador sem precisar abrir a porta. Bonito, resistente e f\u00e1cil de usar;<\/li>\r\n<\/ul>\r\n<p>&nbsp;<\/p>\r\n<ul>\r\n<li><b>Prateleira Porta-Latas Revers\u00edvel para 5 Unidades<\/b><br \/>Organiza\u00e7\u00e3o e flexibilidade para acomodar e melhorar o aproveitamento interno do refrigerador;<\/li>\r\n<\/ul>\r\n<p>&nbsp;<\/p>\r\n<ul>\r\n<li><b>Gaveta Extra Fria<\/b><br \/>Ideal para resfriar bebidas e alimentos rapidamente;<\/li>\r\n<\/ul>\r\n<p>&nbsp;<\/p>\r\n<ul>\r\n<li><b>Degelo Pr\u00e1tico<\/b><br \/>Basta pressionar o bot\u00e3o para descongelar, sem precisar desligar o refrigerador. Ap\u00f3s o degelo, ele volta a funcionar automaticamente.<\/li>\r\n<\/ul>\r\n\r\n\r\n\r\n<div class=\"wp-block-spacer\" style=\"height: 13px;\" aria-hidden=\"true\">\u00a0<\/div>\r\n\r\n\r\n<div class=\"wp-block-affiliatex-product-table\" id=\"affiliatex-pdt-table-style-38ca86d7-273d-482f-964d-f0f15658184b\">\n\t<div class=\"affx-pdt-table-container--free affx-block-admin layout-3\">\n\t\t<div class=\"affx-pdt-table-wrapper\">\n\t\t\t\t\t\t\t<div class=\"affx-pdt-table-single\">\n\t\t\t\t<div class=\"affx-pdt-img-wrapper\">\n\t<img decoding=\"async\" width=\"900\" height=\"801\" src=\"https:\/\/culinariasemlactose.com\/curiosidades\/wp-content\/smush-avif\/2023\/11\/Geladeira-Eletrolux.png.avif\" class=\"attachment-full size-full\" alt=\"\" style=\"height: auto\" data-smush-avif-fallback=\"{&quot;src&quot;:&quot;https:\\\/\\\/culinariasemlactose.com\\\/curiosidades\\\/wp-content\\\/uploads\\\/2023\\\/11\\\/Geladeira-Eletrolux.png&quot;}\" \/><\/div>\n\t\t<div class=\"affx-pdt-content-wrap\">\n\t\t<div class=\"affx-content-left\">\n\t\t\t\t\t\t\t\t\t\t<span class=\"affx-pdt-ribbon\">Top 2 de Melhor Avalia\u00e7\u00e3o<\/span>\n\t\t\t\t\t\t\t<h5 class=\"affx-pdt-name\">Geladeira Electrolux Cycle Defrost 240L Degelo Pr\u00e1tico Uma Porta Branca (RE31)<\/h5>\n\t\t\t<div class=\"affx-rating-wrap\">\t\t\t<span style=\"color:#FFB800;width:25px;height:25px\"><svg fill=\"currentColor\" width=\"25\" height=\"25\" viewBox=\"0 0 24 24\"><path d=\"M12 17.27L18.18 21l-1.64-7.03L22 9.24l-7.19-.61L12 2 9.19 8.63 2 9.24l5.46 4.73L5.82 21z\"><\/path><\/svg><\/span><span style=\"color:#FFB800;width:25px;height:25px\"><svg fill=\"currentColor\" width=\"25\" height=\"25\" viewBox=\"0 0 24 24\"><path d=\"M12 17.27L18.18 21l-1.64-7.03L22 9.24l-7.19-.61L12 2 9.19 8.63 2 9.24l5.46 4.73L5.82 21z\"><\/path><\/svg><\/span><span style=\"color:#FFB800;width:25px;height:25px\"><svg fill=\"currentColor\" width=\"25\" height=\"25\" viewBox=\"0 0 24 24\"><path d=\"M12 17.27L18.18 21l-1.64-7.03L22 9.24l-7.19-.61L12 2 9.19 8.63 2 9.24l5.46 4.73L5.82 21z\"><\/path><\/svg><\/span><span style=\"color:#FFB800;width:25px;height:25px\"><svg fill=\"currentColor\" width=\"25\" height=\"25\" viewBox=\"0 0 24 24\"><path d=\"M12 17.27L18.18 21l-1.64-7.03L22 9.24l-7.19-.61L12 2 9.19 8.63 2 9.24l5.46 4.73L5.82 21z\"><\/path><\/svg><\/span><span style=\"color:#FFB800;width:25px;height:25px\"><svg fill=\"currentColor\" width=\"25\" height=\"25\" viewBox=\"0 0 24 24\"><path d=\"M12 17.27L18.18 21l-1.64-7.03L22 9.24l-7.19-.61L12 2 9.19 8.63 2 9.24l5.46 4.73L5.82 21z\"><\/path><\/svg><\/span>\t<\/div>\n\t\t\t\t\t\t<div class=\"affx-pdt-desc\">\t\t<ul class=\"affiliatex-list affiliatex-list-type-unordered afx-icon-list\">\n\t\t\t\t\t\t\t\t\t\t\t\t\t\t<li>\n\t\t\t\t\t\t\t\t\t\t\t<i class=\"far fa-check-circle\"><\/i>\n\t\t\t\t\t\t\t\t\t\t<span>Design \u00danico com Puxador Ergon\u00f4mico e Integrado<\/span>\n\t\t\t\t<\/li>\n\t\t\t\t\t\t\t\t\t\t\t\t\t\t\t\t<li>\n\t\t\t\t\t\t\t\t\t\t\t<i class=\"far fa-check-circle\"><\/i>\n\t\t\t\t\t\t\t\t\t\t<span>Novo Controle Externo da Temperatura<\/span>\n\t\t\t\t<\/li>\n\t\t\t\t\t\t\t\t\t\t\t\t\t\t\t\t<li>\n\t\t\t\t\t\t\t\t\t\t\t<i class=\"far fa-check-circle\"><\/i>\n\t\t\t\t\t\t\t\t\t\t<span>Gaveta Extra Fria<\/span>\n\t\t\t\t<\/li>\n\t\t\t\t\t\t\t\t\t\t\t\t\t\t\t\t<li>\n\t\t\t\t\t\t\t\t\t\t\t<i class=\"far fa-check-circle\"><\/i>\n\t\t\t\t\t\t\t\t\t\t<span>Degelo Pr\u00e1tico<\/span>\n\t\t\t\t<\/li>\n\t\t\t\t\t\t\t<\/ul>\n<\/div>\n\t\t<\/div>\n\t\t<div class=\"affx-pdt-button-wrap\">\n\t\t\t<div class=\"affx-btn-wrapper\">\n\t\t\t\t<div class=\"affx-btn-inner\">\n\t<a href=\"https:\/\/amzn.to\/3sj2roC\" class=\"affiliatex-button primary icon-btn icon-right\" rel=\"&quot;nofollow&quot; noopener\" target=\"_blank\">\n\t\t\t\tCompre Agora\t\t\t\t\t<i class=\"button-icon fas fa-angle-right\"><\/i>\n\t\t\t<\/a>\n<\/div>\n\t\t\t\t\t\t\t<\/div>\n\t\t<\/div>\n\t<\/div>\n<\/div>\n\t\t\t\t\t<\/div>\n\t<\/div>\n<\/div>\n\r\n\r\n\r\n<p><script async src=\"https:\/\/pagead2.googlesyndication.com\/pagead\/js\/adsbygoogle.js?client=ca-pub-3459676390679786\"\r\n     crossorigin=\"anonymous\"><\/script><\/p>\r\n<!-- CSL- no meio do texto -->\r\n<p><ins class=\"adsbygoogle\" style=\"display: block;\" data-ad-client=\"ca-pub-3459676390679786\" data-ad-slot=\"8653226773\" data-ad-format=\"auto\" data-full-width-responsive=\"true\"><\/ins> <script>\r\n     (adsbygoogle = window.adsbygoogle || []).push({});\r\n<\/script><\/p>\r\n\r\n\r\n\r\n<h2 class=\"wp-block-heading has-text-align-center\" style=\"font-size: 30px;\"><span class=\"ez-toc-section\" id=\"3o-_Refrigerador_371L_Frost_Free_2_Portas_110_Volts_Inox_Electrolux_A_solucao_perfeita_para_a_sua_cozinha\"><\/span>3\u00ba- Refrigerador 371L Frost Free 2 Portas 110 Volts, Inox, Electrolux: A solu\u00e7\u00e3o perfeita para a sua cozinha!<span class=\"ez-toc-section-end\"><\/span><\/h2>\r\n\r\n\r\n\r\n<figure class=\"wp-block-gallery has-nested-images columns-default is-cropped wp-block-gallery-3 is-layout-flex wp-block-gallery-is-layout-flex\">\r\n<figure class=\"wp-block-image size-large\"><img loading=\"lazy\" decoding=\"async\" width=\"856\" height=\"965\" data-id=\"574\" class=\"wp-image-574\" src=\"http:\/\/culinariasemlactose.com\/curiosidades\/wp-content\/smush-avif\/2023\/11\/Geladeira.png.avif\" alt=\"\" srcset=\"https:\/\/culinariasemlactose.com\/curiosidades\/wp-content\/smush-avif\/2023\/11\/Geladeira.png.avif 856w, https:\/\/culinariasemlactose.com\/curiosidades\/wp-content\/smush-avif\/2023\/11\/Geladeira-266x300.png.avif 266w, https:\/\/culinariasemlactose.com\/curiosidades\/wp-content\/smush-avif\/2023\/11\/Geladeira-768x866.png.avif 768w, https:\/\/culinariasemlactose.com\/curiosidades\/wp-content\/smush-avif\/2023\/11\/Geladeira-150x169.png.avif 150w\" sizes=\"(max-width: 856px) 100vw, 856px\" data-smush-avif-fallback=\"{&quot;src&quot;:&quot;http:\\\/\\\/culinariasemlactose.com\\\/curiosidades\\\/wp-content\\\/uploads\\\/2023\\\/11\\\/Geladeira.png&quot;,&quot;srcset&quot;:&quot;https:\\\/\\\/culinariasemlactose.com\\\/curiosidades\\\/wp-content\\\/uploads\\\/2023\\\/11\\\/Geladeira.png 856w, https:\\\/\\\/culinariasemlactose.com\\\/curiosidades\\\/wp-content\\\/uploads\\\/2023\\\/11\\\/Geladeira-266x300.png 266w, https:\\\/\\\/culinariasemlactose.com\\\/curiosidades\\\/wp-content\\\/uploads\\\/2023\\\/11\\\/Geladeira-768x866.png 768w, https:\\\/\\\/culinariasemlactose.com\\\/curiosidades\\\/wp-content\\\/uploads\\\/2023\\\/11\\\/Geladeira-150x169.png 150w&quot;}\" \/><\/figure>\r\n<\/figure>\r\n\r\n\r\n\r\n<p>Se voc\u00ea est\u00e1 em busca de uma geladeira que alie praticidade, design moderno e efici\u00eancia energ\u00e9tica, a <a href=\"https:\/\/amzn.to\/47gqEe8\" target=\"_blank\" rel=\"nofollow noopener\">Geladeira Frost Free cor Inox 310L Electrolux (TF39S)<\/a> 127V \u00e9 a escolha ideal para a sua cozinha. Com capacidade de 310 litros, ela oferece espa\u00e7o suficiente para armazenar todos os alimentos da sua fam\u00edlia, mantendo-os frescos e conservados por mais tempo.<\/p>\r\n<p>Uma das principais vantagens da Geladeira Frost Free cor Inox 310L Electrolux \u00e9 a<strong> tecnologia Frost Free,<\/strong> que dispensa o descongelamento manual. Isso significa que voc\u00ea n\u00e3o precisa se preocupar em retirar o gelo acumulado no freezer, tornando o seu dia a dia muito mais pr\u00e1tico e facilitando a organiza\u00e7\u00e3o dos alimentos.<\/p>\r\n<p>Al\u00e9m disso, o <strong>design em inox<\/strong> da Geladeira Frost Free cor Inox 310L Electrolux confere um toque de sofistica\u00e7\u00e3o \u00e0 sua cozinha. O acabamento em inox escovado combina perfeitamente com qualquer estilo de decora\u00e7\u00e3o, deixando o ambiente ainda mais elegante e moderno.<\/p>\r\n<p>A <a href=\"https:\/\/amzn.to\/47gqEe8\" target=\"_blank\" rel=\"nofollow noopener\">Geladeira Frost Free cor Inox 310L Electrolux<\/a> tamb\u00e9m se destaca pela sua efici\u00eancia energ\u00e9tica. Com <strong>classifica\u00e7\u00e3o A no Procel<\/strong>, ela consome menos energia, ajudando a reduzir a sua conta de luz e contribuindo para a preserva\u00e7\u00e3o do meio ambiente.<\/p>\r\n<p>Outro ponto positivo da Geladeira Frost Free cor Inox 310L Electrolux \u00e9 a sua capacidade de armazenamento. Com <strong>prateleiras espa\u00e7osas e ajust\u00e1veis<\/strong>, voc\u00ea pode organizar os alimentos de acordo com as suas necessidades. O <strong>freezer conta com gavetas e compartimentos<\/strong> que facilitam o acesso aos alimentos congelados, tornando o seu dia a dia na cozinha muito mais pr\u00e1tico.<\/p>\r\n<p>Al\u00e9m disso, a Geladeira Frost Free cor Inox 310L Electrolux possui diversas funcionalidades que facilitam o seu uso. O <strong>painel de controle<\/strong> \u00e9 intuitivo e de f\u00e1cil manuseio, permitindo ajustar a temperatura de acordo com a sua prefer\u00eancia. Ela tamb\u00e9m conta com um <strong>sistema de ilumina\u00e7\u00e3o LED<\/strong>, que garante uma melhor visualiza\u00e7\u00e3o dos alimentos e consome menos energia.<\/p>\r\n<p>Em resumo, se voc\u00ea procura uma geladeira que alie praticidade, design moderno e efici\u00eancia energ\u00e9tica, a Geladeira Frost Free cor Inox 310L Electrolux (TF39S) 127V \u00e9 a escolha perfeita para a sua cozinha. Com capacidade de 310 litros, tecnologia Frost Free, design em inox e classifica\u00e7\u00e3o A no Procel, ela oferece tudo o que voc\u00ea precisa para armazenar os alimentos da sua fam\u00edlia com seguran\u00e7a e praticidade. N\u00e3o perca tempo e a<a href=\"https:\/\/amzn.to\/47gqEe8\" target=\"_blank\" rel=\"nofollow noopener\">dquira j\u00e1 a sua Geladeira Frost Free cor Inox 310L Electrolux<\/a>!<\/p>\r\n\r\n\r\n\r\n<div class=\"wp-block-spacer\" style=\"height: 19px;\" aria-hidden=\"true\">\u00a0<\/div>\r\n\r\n\r\n\r\n<div id=\"affiliatex-single-product-style-b63d8f05-3d8f-4ecc-8708-32ec1386220a\" class=\"wp-block-affiliatex-single-product\">\r\n<div class=\"affx-single-product-wrapper product-layout-1\">\r\n<div class=\"affx-sp-inner\">\r\n<div class=\"affx-sp-content image-left \">\r\n<div class=\"affx-sp-ribbon ribbon-layout-1\">\r\n<div class=\"affx-sp-ribbon-title\">Top 3<\/div>\r\n<\/div>\r\n<div class=\"affx-sp-img-wrapper\"><img decoding=\"async\" src=\"http:\/\/culinariasemlactose.com\/curiosidades\/wp-content\/smush-avif\/2023\/11\/Geladeira.png.avif\" data-smush-avif-fallback=\"{&quot;src&quot;:&quot;http:\\\/\\\/culinariasemlactose.com\\\/curiosidades\\\/wp-content\\\/uploads\\\/2023\\\/11\\\/Geladeira.png&quot;}\" \/><\/div>\r\n<div class=\"affx-sp-content-wrapper\">\r\n<div class=\"title-wrapper affx-star-rating \">\r\n<div class=\"affx-title-left\">\r\n<h4 class=\"affx-single-product-title\">Geladeira Electrolux Frost Free 371L Turbo Congelamento Duplex Cor Inox (DFX41)<\/h4>\r\n<\/div>\r\n<div class=\"affx-sp-pricing-pic rating-align-left\">\u00a0<\/div>\r\n<\/div>\r\n<div class=\"affx-single-product-content\">\r\n<p class=\"affiliatex-content\">A <strong>Geladeira Frost Free<\/strong> 371 Litros Electrolux atende \u00e0s exig\u00eancias de espa\u00e7o e efici\u00eancia em congelar e preservar alimentos e bebidas.<\/p>\r\n<\/div>\r\n<div class=\"button-wrapper\"><div class=\"affx-btn-wrapper wp-block-affiliatex-buttons\" id=\"affiliatex-blocks-style-33811eef-9a25-4985-9b01-beef2c4a17bc\">\n\t<div class=\"affx-btn-inner\">\n\t\t<a href=\"https:\/\/amzn.to\/47gqEe8\" class=\"affiliatex-button btn-align-flex-start btn-is-medium btn-is-flex-medium icon-left\" rel=\"noopener nofollow\" target=\"_blank\">\n\t\t\t<i class=\"button-icon far fa-thumbs-up\"><\/i>\t\t\t<span class=\"affiliatex-btn\">Compre Agora<\/span>\n\t\t\t\t\t\t\t\t<\/a>\n\t<\/div>\n<\/div>\n<\/div>\r\n<\/div>\r\n<\/div>\r\n<\/div>\r\n<\/div>\r\n<\/div>\r\n\r\n\r\n\r\n<h3 class=\"wp-block-heading\" style=\"font-size: 27px;\">Voc\u00ea quer saber mais sobre a Geladeira Electrolux Frost Free 371L Turbo Congelamento Duplex Cor Inox (DFX41)?<\/h3>\r\n\r\n\r\n\r\n<p>A <b>Geladeira Frost Free<\/b> 371 Litros Electrolux atende \u00e0s exig\u00eancias de espa\u00e7o e efici\u00eancia em congelar e preservar alimentos e bebidas.<\/p>\r\n<p>Essa <b>Geladeira Electrolux<\/b> conta com diversos recursos que facilitam a arruma\u00e7\u00e3o em seu interior, como a prateleira revers\u00edvel, que se transforma em porta-latas. Tudo para comodidade do consumidor exigente. Suas formas de gelo ficam suspensas, ocupando menos espa\u00e7o e mantendo o gelo fora do contato com outros alimentos.<\/p>\r\n<p>O espa\u00e7o Extra Frio \u00e9 ideal para alimentos frescos, que necessitam de maior refrigera\u00e7\u00e3o, e sua fun\u00e7\u00e3o Drink Express, acionada pelo painel, resfria bebidas rapidamente.<\/p>\r\n<p>E a lista de <b>benesses<\/b> da Geladeira Electrolux conta com mais elementos: Turbocongelamento, prateleira revers\u00edvel, e espa\u00e7o Extrafrio para alimentos frescos.<\/p>\r\n\r\n\r\n\r\n<figure class=\"wp-block-embed is-type-video is-provider-youtube wp-block-embed-youtube wp-embed-aspect-16-9 wp-has-aspect-ratio\">\r\n<div class=\"wp-block-embed__wrapper\">https:\/\/youtu.be\/qwQBtrl3vp0?si=j4YJ-OH-YyHb04uJ<\/div>\r\n<\/figure>\r\n\r\n\r\n\r\n<div class=\"wp-block-spacer\" style=\"height: 26px;\" aria-hidden=\"true\">\u00a0<\/div>\r\n\r\n\r\n\r\n<p><span style=\"text-decoration: underline;\"><strong>Diferencias Eletrolux<\/strong><\/span><\/p>\r\n<ul>\r\n<li><em><strong>Tubo Congelamento<\/strong><\/em><\/li>\r\n<\/ul>\r\n<p>Resfrie e congele seus alimentos mais r\u00e1pido com o modo turbo e n\u00e3o deixe nenhum produto estragar sem necessidade;<\/p>\r\n<p>&nbsp;<\/p>\r\n\r\n\r\n\r\n<figure class=\"wp-block-image size-full\"><img loading=\"lazy\" decoding=\"async\" width=\"900\" height=\"900\" class=\"wp-image-586\" src=\"http:\/\/culinariasemlactose.com\/curiosidades\/wp-content\/smush-avif\/2023\/11\/Geladeira-371-l.png.avif\" alt=\"\" srcset=\"https:\/\/culinariasemlactose.com\/curiosidades\/wp-content\/smush-avif\/2023\/11\/Geladeira-371-l.png.avif 900w, https:\/\/culinariasemlactose.com\/curiosidades\/wp-content\/smush-avif\/2023\/11\/Geladeira-371-l-300x300.png.avif 300w, https:\/\/culinariasemlactose.com\/curiosidades\/wp-content\/smush-avif\/2023\/11\/Geladeira-371-l-150x150.png.avif 150w, https:\/\/culinariasemlactose.com\/curiosidades\/wp-content\/smush-avif\/2023\/11\/Geladeira-371-l-768x768.png.avif 768w, https:\/\/culinariasemlactose.com\/curiosidades\/wp-content\/smush-avif\/2023\/11\/Geladeira-371-l-96x96.png.avif 96w\" sizes=\"(max-width: 900px) 100vw, 900px\" data-smush-avif-fallback=\"{&quot;src&quot;:&quot;http:\\\/\\\/culinariasemlactose.com\\\/curiosidades\\\/wp-content\\\/uploads\\\/2023\\\/11\\\/Geladeira-371-l.png&quot;,&quot;srcset&quot;:&quot;https:\\\/\\\/culinariasemlactose.com\\\/curiosidades\\\/wp-content\\\/uploads\\\/2023\\\/11\\\/Geladeira-371-l.png 900w, https:\\\/\\\/culinariasemlactose.com\\\/curiosidades\\\/wp-content\\\/uploads\\\/2023\\\/11\\\/Geladeira-371-l-300x300.png 300w, https:\\\/\\\/culinariasemlactose.com\\\/curiosidades\\\/wp-content\\\/uploads\\\/2023\\\/11\\\/Geladeira-371-l-150x150.png 150w, https:\\\/\\\/culinariasemlactose.com\\\/curiosidades\\\/wp-content\\\/uploads\\\/2023\\\/11\\\/Geladeira-371-l-768x768.png 768w, https:\\\/\\\/culinariasemlactose.com\\\/curiosidades\\\/wp-content\\\/uploads\\\/2023\\\/11\\\/Geladeira-371-l-96x96.png 96w&quot;}\" \/><\/figure>\r\n\r\n\r\n\r\n<ul>\r\n<li><em><strong>Cesta Porta <a href=\"http:\/\/culinariasemlactose.com\/curiosidades\/tipos-de-ovos\/\" data-superlinks140684vt908f2723b=\"48\" class=\"spl-automatic-Link\" data-spl=\"48\">Ovos<\/a> 12 unidades<\/strong><\/em><\/li>\r\n<\/ul>\r\n<p>Chega de quebrar seus ovos durante transporte para o refrigerador. Conte com uma cesta espa\u00e7osa e tenha mais seguran\u00e7a e praticidade no dia a dia;<\/p>\r\n<ul>\r\n<li><em><strong>Prateleira com Porta Latas 6 unidades<\/strong><\/em><\/li>\r\n<\/ul>\r\n<p>Prateleira que pode ser utilizada tanto como porta latas como prateleira regular. Maior organiza\u00e7\u00e3o e flexibilidade da porta com a Prateleira 2 em 1.<\/p>\r\n\r\n\r\n\r\n<figure class=\"wp-block-image size-full\"><img loading=\"lazy\" decoding=\"async\" width=\"900\" height=\"900\" class=\"wp-image-585\" src=\"http:\/\/culinariasemlactose.com\/curiosidades\/wp-content\/smush-avif\/2023\/11\/Geladeira-371-l-Eletrolux.png.avif\" alt=\"\" srcset=\"https:\/\/culinariasemlactose.com\/curiosidades\/wp-content\/smush-avif\/2023\/11\/Geladeira-371-l-Eletrolux.png.avif 900w, https:\/\/culinariasemlactose.com\/curiosidades\/wp-content\/smush-avif\/2023\/11\/Geladeira-371-l-Eletrolux-300x300.png.avif 300w, https:\/\/culinariasemlactose.com\/curiosidades\/wp-content\/smush-avif\/2023\/11\/Geladeira-371-l-Eletrolux-150x150.png.avif 150w, https:\/\/culinariasemlactose.com\/curiosidades\/wp-content\/smush-avif\/2023\/11\/Geladeira-371-l-Eletrolux-768x768.png.avif 768w, https:\/\/culinariasemlactose.com\/curiosidades\/wp-content\/smush-avif\/2023\/11\/Geladeira-371-l-Eletrolux-96x96.png.avif 96w\" sizes=\"(max-width: 900px) 100vw, 900px\" data-smush-avif-fallback=\"{&quot;src&quot;:&quot;http:\\\/\\\/culinariasemlactose.com\\\/curiosidades\\\/wp-content\\\/uploads\\\/2023\\\/11\\\/Geladeira-371-l-Eletrolux.png&quot;,&quot;srcset&quot;:&quot;https:\\\/\\\/culinariasemlactose.com\\\/curiosidades\\\/wp-content\\\/uploads\\\/2023\\\/11\\\/Geladeira-371-l-Eletrolux.png 900w, https:\\\/\\\/culinariasemlactose.com\\\/curiosidades\\\/wp-content\\\/uploads\\\/2023\\\/11\\\/Geladeira-371-l-Eletrolux-300x300.png 300w, https:\\\/\\\/culinariasemlactose.com\\\/curiosidades\\\/wp-content\\\/uploads\\\/2023\\\/11\\\/Geladeira-371-l-Eletrolux-150x150.png 150w, https:\\\/\\\/culinariasemlactose.com\\\/curiosidades\\\/wp-content\\\/uploads\\\/2023\\\/11\\\/Geladeira-371-l-Eletrolux-768x768.png 768w, https:\\\/\\\/culinariasemlactose.com\\\/curiosidades\\\/wp-content\\\/uploads\\\/2023\\\/11\\\/Geladeira-371-l-Eletrolux-96x96.png 96w&quot;}\" \/><\/figure>\r\n\r\n\r\n\r\n<ul>\r\n<li class=\"title-block4\"><em><strong>Gavet\u00e3o de frutas e legumes<\/strong><\/em><\/li>\r\n<\/ul>\r\n<p class=\"text-block4\">Organize e visualize seus alimentos com mais facilidade com o espa\u00e7o espec\u00edfico para frutas e legumes.<\/p>\r\n\r\n\r\n\r\n<figure class=\"wp-block-image size-full\"><img loading=\"lazy\" decoding=\"async\" width=\"900\" height=\"900\" class=\"wp-image-584\" src=\"http:\/\/culinariasemlactose.com\/curiosidades\/wp-content\/smush-avif\/2023\/11\/Geladeira-371-gaveta-de-verduras.png.avif\" alt=\"\" srcset=\"https:\/\/culinariasemlactose.com\/curiosidades\/wp-content\/smush-avif\/2023\/11\/Geladeira-371-gaveta-de-verduras.png.avif 900w, https:\/\/culinariasemlactose.com\/curiosidades\/wp-content\/smush-avif\/2023\/11\/Geladeira-371-gaveta-de-verduras-300x300.png.avif 300w, https:\/\/culinariasemlactose.com\/curiosidades\/wp-content\/smush-avif\/2023\/11\/Geladeira-371-gaveta-de-verduras-150x150.png.avif 150w, https:\/\/culinariasemlactose.com\/curiosidades\/wp-content\/smush-avif\/2023\/11\/Geladeira-371-gaveta-de-verduras-768x768.png.avif 768w, https:\/\/culinariasemlactose.com\/curiosidades\/wp-content\/smush-avif\/2023\/11\/Geladeira-371-gaveta-de-verduras-96x96.png.avif 96w\" sizes=\"(max-width: 900px) 100vw, 900px\" data-smush-avif-fallback=\"{&quot;src&quot;:&quot;http:\\\/\\\/culinariasemlactose.com\\\/curiosidades\\\/wp-content\\\/uploads\\\/2023\\\/11\\\/Geladeira-371-gaveta-de-verduras.png&quot;,&quot;srcset&quot;:&quot;https:\\\/\\\/culinariasemlactose.com\\\/curiosidades\\\/wp-content\\\/uploads\\\/2023\\\/11\\\/Geladeira-371-gaveta-de-verduras.png 900w, https:\\\/\\\/culinariasemlactose.com\\\/curiosidades\\\/wp-content\\\/uploads\\\/2023\\\/11\\\/Geladeira-371-gaveta-de-verduras-300x300.png 300w, https:\\\/\\\/culinariasemlactose.com\\\/curiosidades\\\/wp-content\\\/uploads\\\/2023\\\/11\\\/Geladeira-371-gaveta-de-verduras-150x150.png 150w, https:\\\/\\\/culinariasemlactose.com\\\/curiosidades\\\/wp-content\\\/uploads\\\/2023\\\/11\\\/Geladeira-371-gaveta-de-verduras-768x768.png 768w, https:\\\/\\\/culinariasemlactose.com\\\/curiosidades\\\/wp-content\\\/uploads\\\/2023\\\/11\\\/Geladeira-371-gaveta-de-verduras-96x96.png 96w&quot;}\" \/><\/figure>\r\n\r\n\r\n\r\n<ul>\r\n<li class=\"title-block4\"><em><strong>Formas de gelo suspensas<\/strong><\/em><\/li>\r\n<\/ul>\r\n<p class=\"text-block4\">Al\u00e9m de ocupar menos espa\u00e7o, elas mant\u00eam o gelo longe de outros alimentos.<\/p>\r\n<ul>\r\n<li class=\"title-block4\"><em><strong>Sistema Frost Free<\/strong><\/em><\/li>\r\n<\/ul>\r\n<p>Faz todo o trabalho de descongelamento por voc\u00ea, poupando seu tempo para outras atividades.<\/p>\r\n\r\n\r\n\r\n<figure class=\"wp-block-image size-full\"><img loading=\"lazy\" decoding=\"async\" width=\"856\" height=\"953\" class=\"wp-image-587\" src=\"http:\/\/culinariasemlactose.com\/curiosidades\/wp-content\/smush-avif\/2023\/11\/Geladeira-eletrolux-aberta.png.avif\" alt=\"\" srcset=\"https:\/\/culinariasemlactose.com\/curiosidades\/wp-content\/smush-avif\/2023\/11\/Geladeira-eletrolux-aberta.png.avif 856w, https:\/\/culinariasemlactose.com\/curiosidades\/wp-content\/smush-avif\/2023\/11\/Geladeira-eletrolux-aberta-269x300.png.avif 269w, https:\/\/culinariasemlactose.com\/curiosidades\/wp-content\/smush-avif\/2023\/11\/Geladeira-eletrolux-aberta-768x855.png.avif 768w, https:\/\/culinariasemlactose.com\/curiosidades\/wp-content\/smush-avif\/2023\/11\/Geladeira-eletrolux-aberta-150x167.png.avif 150w\" sizes=\"(max-width: 856px) 100vw, 856px\" data-smush-avif-fallback=\"{&quot;src&quot;:&quot;http:\\\/\\\/culinariasemlactose.com\\\/curiosidades\\\/wp-content\\\/uploads\\\/2023\\\/11\\\/Geladeira-eletrolux-aberta.png&quot;,&quot;srcset&quot;:&quot;https:\\\/\\\/culinariasemlactose.com\\\/curiosidades\\\/wp-content\\\/uploads\\\/2023\\\/11\\\/Geladeira-eletrolux-aberta.png 856w, https:\\\/\\\/culinariasemlactose.com\\\/curiosidades\\\/wp-content\\\/uploads\\\/2023\\\/11\\\/Geladeira-eletrolux-aberta-269x300.png 269w, https:\\\/\\\/culinariasemlactose.com\\\/curiosidades\\\/wp-content\\\/uploads\\\/2023\\\/11\\\/Geladeira-eletrolux-aberta-768x855.png 768w, https:\\\/\\\/culinariasemlactose.com\\\/curiosidades\\\/wp-content\\\/uploads\\\/2023\\\/11\\\/Geladeira-eletrolux-aberta-150x167.png 150w&quot;}\" \/><\/figure>\r\n\r\n\r\n<div class=\"wp-block-affiliatex-product-table\" id=\"affiliatex-pdt-table-style-dcea9679-14ae-4db1-9749-1f9fed45adba\">\n\t<div class=\"affx-pdt-table-container--free affx-block-admin layout-3\">\n\t\t<div class=\"affx-pdt-table-wrapper\">\n\t\t\t\t\t\t\t<div class=\"affx-pdt-table-single\">\n\t\t\t\t<div class=\"affx-pdt-img-wrapper\">\n\t<img decoding=\"async\" width=\"856\" height=\"965\" src=\"https:\/\/culinariasemlactose.com\/curiosidades\/wp-content\/smush-avif\/2023\/11\/Geladeira.png.avif\" class=\"attachment-full size-full\" alt=\"\" style=\"height: auto\" data-smush-avif-fallback=\"{&quot;src&quot;:&quot;https:\\\/\\\/culinariasemlactose.com\\\/curiosidades\\\/wp-content\\\/uploads\\\/2023\\\/11\\\/Geladeira.png&quot;}\" \/><\/div>\n\t\t<div class=\"affx-pdt-content-wrap\">\n\t\t<div class=\"affx-content-left\">\n\t\t\t\t\t\t\t\t\t\t<span class=\"affx-pdt-ribbon\">Top 3 de Mais Vendidas<\/span>\n\t\t\t\t\t\t\t<h5 class=\"affx-pdt-name\">Geladeira Electrolux Frost Free 371L Turbo Congelamento Duplex Cor Inox (DFX41)<\/h5>\n\t\t\t<div class=\"affx-rating-wrap\">\t\t\t<span style=\"color:#FFB800;width:25px;height:25px\"><svg fill=\"currentColor\" width=\"25\" height=\"25\" viewBox=\"0 0 24 24\"><path d=\"M12 17.27L18.18 21l-1.64-7.03L22 9.24l-7.19-.61L12 2 9.19 8.63 2 9.24l5.46 4.73L5.82 21z\"><\/path><\/svg><\/span><span style=\"color:#FFB800;width:25px;height:25px\"><svg fill=\"currentColor\" width=\"25\" height=\"25\" viewBox=\"0 0 24 24\"><path d=\"M12 17.27L18.18 21l-1.64-7.03L22 9.24l-7.19-.61L12 2 9.19 8.63 2 9.24l5.46 4.73L5.82 21z\"><\/path><\/svg><\/span><span style=\"color:#FFB800;width:25px;height:25px\"><svg fill=\"currentColor\" width=\"25\" height=\"25\" viewBox=\"0 0 24 24\"><path d=\"M12 17.27L18.18 21l-1.64-7.03L22 9.24l-7.19-.61L12 2 9.19 8.63 2 9.24l5.46 4.73L5.82 21z\"><\/path><\/svg><\/span><span style=\"color:#FFB800;width:25px;height:25px\"><svg fill=\"currentColor\" width=\"25\" height=\"25\" viewBox=\"0 0 24 24\"><path d=\"M12 17.27L18.18 21l-1.64-7.03L22 9.24l-7.19-.61L12 2 9.19 8.63 2 9.24l5.46 4.73L5.82 21z\"><\/path><\/svg><\/span><span style=\"color:#FFB800;width:25px;height:25px\"><svg fill=\"currentColor\" width=\"25\" height=\"25\" viewBox=\"0 0 24 24\"><path d=\"M12 17.27L18.18 21l-1.64-7.03L22 9.24l-7.19-.61L12 2 9.19 8.63 2 9.24l5.46 4.73L5.82 21z\"><\/path><\/svg><\/span>\t<\/div>\n\t\t\t\t\t\t<div class=\"affx-pdt-desc\">\t\t<ul class=\"affiliatex-list affiliatex-list-type-unordered afx-icon-list\">\n\t\t\t\t\t\t\t\t\t\t\t\t\t\t<li>\n\t\t\t\t\t\t\t\t\t\t\t<i class=\"far fa-check-circle\"><\/i>\n\t\t\t\t\t\t\t\t\t\t<span>Tubo Congelamento<\/span>\n\t\t\t\t<\/li>\n\t\t\t\t\t\t\t\t\t\t\t\t\t\t\t\t<li>\n\t\t\t\t\t\t\t\t\t\t\t<i class=\"far fa-check-circle\"><\/i>\n\t\t\t\t\t\t\t\t\t\t<span>Fun\u00e7\u00e3o Drink Express<\/span>\n\t\t\t\t<\/li>\n\t\t\t\t\t\t\t\t\t\t\t\t\t\t\t\t<li>\n\t\t\t\t\t\t\t\t\t\t\t<i class=\"far fa-check-circle\"><\/i>\n\t\t\t\t\t\t\t\t\t\t<span>Cesta Porta Ovos 12 unidades<\/span>\n\t\t\t\t<\/li>\n\t\t\t\t\t\t\t\t\t\t\t\t\t\t\t\t<li>\n\t\t\t\t\t\t\t\t\t\t\t<i class=\"far fa-check-circle\"><\/i>\n\t\t\t\t\t\t\t\t\t\t<span>Prateleira com Porta Latas 6 unidades<\/span>\n\t\t\t\t<\/li>\n\t\t\t\t\t\t\t\t\t\t\t\t\t\t\t\t<li>\n\t\t\t\t\t\t\t\t\t\t\t<i class=\"far fa-check-circle\"><\/i>\n\t\t\t\t\t\t\t\t\t\t<span>Gavet\u00e3o de frutas e legumes<\/span>\n\t\t\t\t<\/li>\n\t\t\t\t\t\t\t\t\t\t\t\t\t\t\t\t<li>\n\t\t\t\t\t\t\t\t\t\t\t<i class=\"far fa-check-circle\"><\/i>\n\t\t\t\t\t\t\t\t\t\t<span>Formas de gelo suspensas<\/span>\n\t\t\t\t<\/li>\n\t\t\t\t\t\t\t\t\t\t\t\t\t\t\t\t<li>\n\t\t\t\t\t\t\t\t\t\t\t<i class=\"far fa-check-circle\"><\/i>\n\t\t\t\t\t\t\t\t\t\t<span>Sistema Frost Free<\/span>\n\t\t\t\t<\/li>\n\t\t\t\t\t\t\t<\/ul>\n<\/div>\n\t\t<\/div>\n\t\t<div class=\"affx-pdt-button-wrap\">\n\t\t\t<div class=\"affx-btn-wrapper\">\n\t\t\t\t<div class=\"affx-btn-inner\">\n\t<a href=\"https:\/\/amzn.to\/47gqEe8\" class=\"affiliatex-button primary icon-btn icon-right\" rel=\"&quot;nofollow&quot; noopener\" target=\"_blank\">\n\t\t\t\tCompre Agora\t\t\t\t\t<i class=\"button-icon fas fa-angle-right\"><\/i>\n\t\t\t<\/a>\n<\/div>\n\t\t\t\t\t\t\t<\/div>\n\t\t<\/div>\n\t<\/div>\n<\/div>\n\t\t\t\t\t<\/div>\n\t<\/div>\n<\/div>\n\r\n\r\n\r\n<h2 class=\"wp-block-heading\" style=\"font-size: 30px;\"><span class=\"ez-toc-section\" id=\"4o-Geladeira_Panasonic_Frost_Free_425L_A_Black_Glass_%E2%80%93_NR-BB53GV3B_A_combinacao_perfeita_de_estilo_e_eficiencia\"><\/span>4\u00ba-Geladeira Panasonic Frost Free 425L A+++ Black Glass &#8211; NR-BB53GV3B A combina\u00e7\u00e3o perfeita de estilo e efici\u00eancia<span class=\"ez-toc-section-end\"><\/span><\/h2>\r\n\r\n\r\n\r\n<figure class=\"wp-block-image size-full\"><img loading=\"lazy\" decoding=\"async\" width=\"900\" height=\"837\" class=\"wp-image-604\" src=\"http:\/\/culinariasemlactose.com\/curiosidades\/wp-content\/smush-avif\/2023\/11\/Geladeira-preta.png.avif\" alt=\"\" srcset=\"https:\/\/culinariasemlactose.com\/curiosidades\/wp-content\/smush-avif\/2023\/11\/Geladeira-preta.png.avif 900w, https:\/\/culinariasemlactose.com\/curiosidades\/wp-content\/smush-avif\/2023\/11\/Geladeira-preta-300x279.png.avif 300w, https:\/\/culinariasemlactose.com\/curiosidades\/wp-content\/smush-avif\/2023\/11\/Geladeira-preta-768x714.png.avif 768w, https:\/\/culinariasemlactose.com\/curiosidades\/wp-content\/smush-avif\/2023\/11\/Geladeira-preta-150x140.png.avif 150w\" sizes=\"(max-width: 900px) 100vw, 900px\" data-smush-avif-fallback=\"{&quot;src&quot;:&quot;http:\\\/\\\/culinariasemlactose.com\\\/curiosidades\\\/wp-content\\\/uploads\\\/2023\\\/11\\\/Geladeira-preta.png&quot;,&quot;srcset&quot;:&quot;https:\\\/\\\/culinariasemlactose.com\\\/curiosidades\\\/wp-content\\\/uploads\\\/2023\\\/11\\\/Geladeira-preta.png 900w, https:\\\/\\\/culinariasemlactose.com\\\/curiosidades\\\/wp-content\\\/uploads\\\/2023\\\/11\\\/Geladeira-preta-300x279.png 300w, https:\\\/\\\/culinariasemlactose.com\\\/curiosidades\\\/wp-content\\\/uploads\\\/2023\\\/11\\\/Geladeira-preta-768x714.png 768w, https:\\\/\\\/culinariasemlactose.com\\\/curiosidades\\\/wp-content\\\/uploads\\\/2023\\\/11\\\/Geladeira-preta-150x140.png 150w&quot;}\" \/><\/figure>\r\n\r\n\r\n\r\n<p>Voc\u00ea est\u00e1 procurando uma geladeira que seja elegante, eficiente e espa\u00e7osa? Ent\u00e3o, a <a href=\"https:\/\/amzn.to\/49gEgYt\" target=\"_blank\" rel=\"nofollow noopener noreferrer\">Geladeira Panasonic Frost Free 425L A Black Glass &#8211; NR-BB53GV3B<\/a> \u00e9 a escolha certa para voc\u00ea. Com seu design moderno em vidro preto, ela se destaca em qualquer cozinha, adicionando um toque de sofistica\u00e7\u00e3o ao ambiente.<\/p>\r\n<p>Al\u00e9m do seu visual impressionante, a Geladeira Panasonic Frost Free 425L A Black Glass &#8211; NR-BB53GV3B tamb\u00e9m oferece um desempenho excepcional. Sua tecnologia Frost Free garante que voc\u00ea nunca mais precise se preocupar em descongelar a geladeira, pois ela evita o ac\u00famulo de gelo nas paredes internas. Isso n\u00e3o apenas economiza tempo, mas tamb\u00e9m ajuda a preservar melhor os alimentos.<\/p>\r\n<p>Com capacidade de 425 litros, essa geladeira oferece amplo espa\u00e7o para armazenar todos os seus alimentos e bebidas. Ela conta com prateleiras ajust\u00e1veis e remov\u00edveis, permitindo que voc\u00ea organize o interior conforme suas necessidades. Al\u00e9m disso, possui compartimentos especiais para frutas, legumes e latic\u00ednios, mantendo-os frescos por mais tempo.<\/p>\r\n<p>A Geladeira Panasonic Frost Free 425L A Black Glass &#8211; NR-BB53GV3B tamb\u00e9m \u00e9 extremamente eficiente em termos de consumo de energia. Classificada com a nota A pelo Procel, ela consome menos energia em compara\u00e7\u00e3o com outros modelos, ajudando a reduzir sua conta de luz. Isso \u00e9 \u00f3timo para o meio ambiente e para o seu bolso!<\/p>\r\n<p>Outro destaque dessa geladeira \u00e9 o seu sistema de refrigera\u00e7\u00e3o inteligente. Com o sistema Inverter, ela ajusta automaticamente a velocidade do compressor de acordo com a temperatura interna, garantindo uma refrigera\u00e7\u00e3o precisa e economia de energia. Isso significa que seus alimentos ficam frescos por mais tempo, mesmo em dias quentes.<\/p>\r\n<p>Al\u00e9m de todas essas caracter\u00edsticas incr\u00edveis, a Geladeira Panasonic Frost Free 425L A Black Glass &#8211; NR-BB53GV3B tamb\u00e9m possui um painel de controle intuitivo e f\u00e1cil de usar. Nele, voc\u00ea pode ajustar a temperatura, selecionar o modo de opera\u00e7\u00e3o e at\u00e9 mesmo ativar o modo econ\u00f4mico. Tudo isso ao alcance das suas m\u00e3os!<\/p>\r\n<p>Em resumo, se voc\u00ea procura uma geladeira com estilo, efici\u00eancia e espa\u00e7o de sobra, a <a href=\"https:\/\/amzn.to\/49gEgYt\" target=\"_blank\" rel=\"nofollow noopener noreferrer\">Geladeira Panasonic Frost Free 425L A Black Glass &#8211; NR-BB53GV3B<\/a> \u00e9 a escolha perfeita. Com seu design moderno, tecnologia avan\u00e7ada e baixo consumo de energia, ela vai transformar sua cozinha em um ambiente ainda mais elegante e funcional.<\/p>\r\n\r\n\r\n\r\n<div class=\"wp-block-spacer\" style=\"height: 14px;\" aria-hidden=\"true\">\u00a0<\/div>\r\n\r\n\r\n\r\n<div id=\"affiliatex-single-product-style-3e863398-808f-4abe-b92a-badacea6e38f\" class=\"wp-block-affiliatex-single-product\">\r\n<div class=\"affx-single-product-wrapper product-layout-1\">\r\n<div class=\"affx-sp-inner\">\r\n<div class=\"affx-sp-content image-left \">\r\n<div class=\"affx-sp-ribbon ribbon-layout-1\">\r\n<div class=\"affx-sp-ribbon-title\">Top 4<\/div>\r\n<\/div>\r\n<div class=\"affx-sp-img-wrapper\"><img decoding=\"async\" src=\"http:\/\/culinariasemlactose.com\/curiosidades\/wp-content\/smush-avif\/2023\/11\/Geladeira-preta.png.avif\" data-smush-avif-fallback=\"{&quot;src&quot;:&quot;http:\\\/\\\/culinariasemlactose.com\\\/curiosidades\\\/wp-content\\\/uploads\\\/2023\\\/11\\\/Geladeira-preta.png&quot;}\" \/><\/div>\r\n<div class=\"affx-sp-content-wrapper\">\r\n<div class=\"title-wrapper affx-star-rating \">\r\n<div class=\"affx-title-left\">\r\n<h4 class=\"affx-single-product-title\">Geladeira Panasonic Frost Free 425L A+++ Black Glass &#8211; NR-BB53GV3B<\/h4>\r\n<\/div>\r\n<div class=\"affx-sp-pricing-pic rating-align-left\">\u00a0<\/div>\r\n<\/div>\r\n<div class=\"affx-single-product-content\">\r\n<p class=\"affiliatex-content\">A geladeira Panasonic Frost Free 425L A+++ Black Glass \u00e9 a tend\u00eancia para cozinhas. Ela possui tecnologia inverter e economia de 36% de energia &#8211; NR-BB53GV3B<\/p>\r\n<\/div>\r\n<div class=\"button-wrapper\"><div class=\"affx-btn-wrapper wp-block-affiliatex-buttons\" id=\"affiliatex-blocks-style-f40b4d6f-ee63-4127-8e12-17f389631a9d\">\n\t<div class=\"affx-btn-inner\">\n\t\t<a href=\"https:\/\/amzn.to\/49gEgYt\" class=\"affiliatex-button btn-align-flex-start btn-is-medium btn-is-flex-medium icon-left\" rel=\"noopener nofollow\" target=\"_blank\">\n\t\t\t<i class=\"button-icon far fa-thumbs-up\"><\/i>\t\t\t<span class=\"affiliatex-btn\">Compre Agora<\/span>\n\t\t\t\t\t\t\t\t<\/a>\n\t<\/div>\n<\/div>\n<\/div>\r\n<\/div>\r\n<\/div>\r\n<\/div>\r\n<\/div>\r\n<\/div>\r\n\r\n\r\n\r\n<h3 class=\"wp-block-heading\" style=\"font-size: 27px;\">Voc\u00ea quer saber mais sobre a Geladeira Panasonic Frost Free 425L A+++ Black Glass ?<\/h3>\r\n\r\n\r\n\r\n<p><span class=\"frncubo-short-description-0-x-shortDescription\">A geladeira Panasonic Frost Free 425L A+++ Black Glass \u00e9 a tend\u00eancia para cozinhas. Ela possui tecnologia inverter e economia de 36% de energia &#8211; NR-BB53GV3B<\/span><\/p>\r\n<p><span style=\"text-decoration: underline;\"><strong>Diferencias Panasonic<\/strong><\/span><\/p>\r\n<ul>\r\n<li>\r\n<h3 class=\"a-spacing-mini\"><em><strong>Economia de energia com Inverter<\/strong><\/em><\/h3>\r\n<\/li>\r\n<\/ul>\r\n<p>Al\u00e9m da <span class=\"a-text-bold\">economia de mais de 36% <\/span>refletida na conta de luz, a tecnologia Inverter tamb\u00e9m deixa as geladeiras mais silenciosas e com o congelamento mais r\u00e1pido, j\u00e1 que regula o compressor de acordo com a temperatura que varia com o abre e fecha da porta e com a quantidade de comida;<\/p>\r\n<ul>\r\n<li>\r\n<h3 class=\"a-spacing-mini\"><em><strong>Monitoramento de uso di\u00e1rio com Econavi<\/strong><\/em><\/h3>\r\n<\/li>\r\n<\/ul>\r\n<p><span class=\"a-text-bold\">Economize ainda mais energi<\/span>a*. O Econavi monitora o uso da geladeira no seu dia a dia, fazendo com que ela funcione de acordo com a rotina da casa e economizando energia atrav\u00e9s de sensores de abertura de portas, luminosidade (interna e externa) e temperatura.<\/p>\r\n<p><span class=\"a-text-italic\">*Em rela\u00e7\u00e3o ao m\u00ednimo necess\u00e1rio para a classifica\u00e7\u00e3o A no Programa Brasileiro de Etiquetagem.<\/span><\/p>\r\n<ul>\r\n<li>\r\n<h3 class=\"a-spacing-mini\"><em><strong>Nutrientes potencializados com Vitamin Power*<\/strong><\/em><\/h3>\r\n<\/li>\r\n<\/ul>\r\n<p>A geladeira Panasonic BB53 potencializa os nutrientes dos alimentos. Isso porque ela possui a gaveta Fresh Zone com Vitamin Power, que intensifica as vitaminas C e D por meio de luzes LED especiais.<\/p>\r\n<p><span class=\"a-text-italic\">*Testado com piment\u00e3o vermelho, alface, tomate e cogumelo com armazenagem de 3 a 7 dias.<\/span><\/p>\r\n<p>&nbsp;<\/p>\r\n\r\n\r\n\r\n<figure class=\"wp-block-image size-large\"><img loading=\"lazy\" decoding=\"async\" width=\"877\" height=\"1024\" class=\"wp-image-609\" src=\"http:\/\/culinariasemlactose.com\/curiosidades\/wp-content\/smush-avif\/2023\/11\/Painel-Panasonic-877x1024.png.avif\" alt=\"\" srcset=\"https:\/\/culinariasemlactose.com\/curiosidades\/wp-content\/smush-avif\/2023\/11\/Painel-Panasonic-877x1024.png.avif 877w, https:\/\/culinariasemlactose.com\/curiosidades\/wp-content\/smush-avif\/2023\/11\/Painel-Panasonic-257x300.png.avif 257w, https:\/\/culinariasemlactose.com\/curiosidades\/wp-content\/smush-avif\/2023\/11\/Painel-Panasonic-768x897.png.avif 768w, https:\/\/culinariasemlactose.com\/curiosidades\/wp-content\/smush-avif\/2023\/11\/Painel-Panasonic-150x175.png.avif 150w, https:\/\/culinariasemlactose.com\/curiosidades\/wp-content\/smush-avif\/2023\/11\/Painel-Panasonic.png.avif 900w\" sizes=\"(max-width: 877px) 100vw, 877px\" data-smush-avif-fallback=\"{&quot;src&quot;:&quot;http:\\\/\\\/culinariasemlactose.com\\\/curiosidades\\\/wp-content\\\/uploads\\\/2023\\\/11\\\/Painel-Panasonic-877x1024.png&quot;,&quot;srcset&quot;:&quot;https:\\\/\\\/culinariasemlactose.com\\\/curiosidades\\\/wp-content\\\/uploads\\\/2023\\\/11\\\/Painel-Panasonic-877x1024.png 877w, https:\\\/\\\/culinariasemlactose.com\\\/curiosidades\\\/wp-content\\\/uploads\\\/2023\\\/11\\\/Painel-Panasonic-257x300.png 257w, https:\\\/\\\/culinariasemlactose.com\\\/curiosidades\\\/wp-content\\\/uploads\\\/2023\\\/11\\\/Painel-Panasonic-768x897.png 768w, https:\\\/\\\/culinariasemlactose.com\\\/curiosidades\\\/wp-content\\\/uploads\\\/2023\\\/11\\\/Painel-Panasonic-150x175.png 150w, https:\\\/\\\/culinariasemlactose.com\\\/curiosidades\\\/wp-content\\\/uploads\\\/2023\\\/11\\\/Painel-Panasonic.png 900w&quot;}\" \/><\/figure>\r\n\r\n\r\n\r\n<ul>\r\n<li><em><strong>Fun\u00e7\u00e3o Freshfreezer<\/strong><\/em><\/li>\r\n<\/ul>\r\n<p>Essa fun\u00e7\u00e3o possibilita escolher at\u00e9 4 temperaturas diferentes independentes do restante da geladeira, proporcionando o armazenamento ideal de uma grande variedade de produtos.<\/p>\r\n\r\n\r\n\r\n<figure class=\"wp-block-image size-full\"><img loading=\"lazy\" decoding=\"async\" width=\"900\" height=\"770\" class=\"wp-image-605\" src=\"http:\/\/culinariasemlactose.com\/curiosidades\/wp-content\/smush-avif\/2023\/11\/Gaveta-free.png.avif\" alt=\"\" srcset=\"https:\/\/culinariasemlactose.com\/curiosidades\/wp-content\/smush-avif\/2023\/11\/Gaveta-free.png.avif 900w, https:\/\/culinariasemlactose.com\/curiosidades\/wp-content\/smush-avif\/2023\/11\/Gaveta-free-300x257.png.avif 300w, https:\/\/culinariasemlactose.com\/curiosidades\/wp-content\/smush-avif\/2023\/11\/Gaveta-free-768x657.png.avif 768w, https:\/\/culinariasemlactose.com\/curiosidades\/wp-content\/smush-avif\/2023\/11\/Gaveta-free-150x128.png.avif 150w\" sizes=\"(max-width: 900px) 100vw, 900px\" data-smush-avif-fallback=\"{&quot;src&quot;:&quot;http:\\\/\\\/culinariasemlactose.com\\\/curiosidades\\\/wp-content\\\/uploads\\\/2023\\\/11\\\/Gaveta-free.png&quot;,&quot;srcset&quot;:&quot;https:\\\/\\\/culinariasemlactose.com\\\/curiosidades\\\/wp-content\\\/uploads\\\/2023\\\/11\\\/Gaveta-free.png 900w, https:\\\/\\\/culinariasemlactose.com\\\/curiosidades\\\/wp-content\\\/uploads\\\/2023\\\/11\\\/Gaveta-free-300x257.png 300w, https:\\\/\\\/culinariasemlactose.com\\\/curiosidades\\\/wp-content\\\/uploads\\\/2023\\\/11\\\/Gaveta-free-768x657.png 768w, https:\\\/\\\/culinariasemlactose.com\\\/curiosidades\\\/wp-content\\\/uploads\\\/2023\\\/11\\\/Gaveta-free-150x128.png 150w&quot;}\" \/><\/figure>\r\n\r\n\r\n\r\n<p>&nbsp;<\/p>\r\n\r\n\r\n\r\n<figure class=\"wp-block-gallery has-nested-images columns-default is-cropped wp-block-gallery-4 is-layout-flex wp-block-gallery-is-layout-flex\">\r\n<figure class=\"wp-block-image size-large\"><img loading=\"lazy\" decoding=\"async\" width=\"900\" height=\"656\" data-id=\"608\" class=\"wp-image-608\" src=\"http:\/\/culinariasemlactose.com\/curiosidades\/wp-content\/smush-avif\/2023\/11\/Geladeira-panasonic.png.avif\" alt=\"\" srcset=\"https:\/\/culinariasemlactose.com\/curiosidades\/wp-content\/smush-avif\/2023\/11\/Geladeira-panasonic.png.avif 900w, https:\/\/culinariasemlactose.com\/curiosidades\/wp-content\/smush-avif\/2023\/11\/Geladeira-panasonic-300x219.png.avif 300w, https:\/\/culinariasemlactose.com\/curiosidades\/wp-content\/smush-avif\/2023\/11\/Geladeira-panasonic-768x560.png.avif 768w, https:\/\/culinariasemlactose.com\/curiosidades\/wp-content\/smush-avif\/2023\/11\/Geladeira-panasonic-150x109.png.avif 150w\" sizes=\"(max-width: 900px) 100vw, 900px\" data-smush-avif-fallback=\"{&quot;src&quot;:&quot;http:\\\/\\\/culinariasemlactose.com\\\/curiosidades\\\/wp-content\\\/uploads\\\/2023\\\/11\\\/Geladeira-panasonic.png&quot;,&quot;srcset&quot;:&quot;https:\\\/\\\/culinariasemlactose.com\\\/curiosidades\\\/wp-content\\\/uploads\\\/2023\\\/11\\\/Geladeira-panasonic.png 900w, https:\\\/\\\/culinariasemlactose.com\\\/curiosidades\\\/wp-content\\\/uploads\\\/2023\\\/11\\\/Geladeira-panasonic-300x219.png 300w, https:\\\/\\\/culinariasemlactose.com\\\/curiosidades\\\/wp-content\\\/uploads\\\/2023\\\/11\\\/Geladeira-panasonic-768x560.png 768w, https:\\\/\\\/culinariasemlactose.com\\\/curiosidades\\\/wp-content\\\/uploads\\\/2023\\\/11\\\/Geladeira-panasonic-150x109.png 150w&quot;}\" \/><\/figure>\r\n\r\n\r\n\r\n<figure class=\"wp-block-image size-large\"><img loading=\"lazy\" decoding=\"async\" width=\"900\" height=\"660\" data-id=\"607\" class=\"wp-image-607\" src=\"http:\/\/culinariasemlactose.com\/curiosidades\/wp-content\/smush-avif\/2023\/11\/Geladeira-Panasonic-interior.png.avif\" alt=\"\" srcset=\"https:\/\/culinariasemlactose.com\/curiosidades\/wp-content\/smush-avif\/2023\/11\/Geladeira-Panasonic-interior.png.avif 900w, https:\/\/culinariasemlactose.com\/curiosidades\/wp-content\/smush-avif\/2023\/11\/Geladeira-Panasonic-interior-300x220.png.avif 300w, https:\/\/culinariasemlactose.com\/curiosidades\/wp-content\/smush-avif\/2023\/11\/Geladeira-Panasonic-interior-768x563.png.avif 768w, https:\/\/culinariasemlactose.com\/curiosidades\/wp-content\/smush-avif\/2023\/11\/Geladeira-Panasonic-interior-150x110.png.avif 150w\" sizes=\"(max-width: 900px) 100vw, 900px\" data-smush-avif-fallback=\"{&quot;src&quot;:&quot;http:\\\/\\\/culinariasemlactose.com\\\/curiosidades\\\/wp-content\\\/uploads\\\/2023\\\/11\\\/Geladeira-Panasonic-interior.png&quot;,&quot;srcset&quot;:&quot;https:\\\/\\\/culinariasemlactose.com\\\/curiosidades\\\/wp-content\\\/uploads\\\/2023\\\/11\\\/Geladeira-Panasonic-interior.png 900w, https:\\\/\\\/culinariasemlactose.com\\\/curiosidades\\\/wp-content\\\/uploads\\\/2023\\\/11\\\/Geladeira-Panasonic-interior-300x220.png 300w, https:\\\/\\\/culinariasemlactose.com\\\/curiosidades\\\/wp-content\\\/uploads\\\/2023\\\/11\\\/Geladeira-Panasonic-interior-768x563.png 768w, https:\\\/\\\/culinariasemlactose.com\\\/curiosidades\\\/wp-content\\\/uploads\\\/2023\\\/11\\\/Geladeira-Panasonic-interior-150x110.png 150w&quot;}\" \/><\/figure>\r\n<\/figure>\r\n\r\n\r\n\r\n<div class=\"wp-block-spacer\" style=\"height: 30px;\" aria-hidden=\"true\">\u00a0<\/div>\r\n\r\n\r\n\r\n<ul>\r\n<li><em><strong>Tecnologia Climate Control<\/strong><\/em><\/li>\r\n<\/ul>\r\n<p>A tecnologia Climate Control permite que esses alimentos fiquem frescos por mais tempo4, controlando automaticamente a umidade dentro do gavet\u00e3o. 4Em compara\u00e7\u00e3o com o mesmo produto sem a tecnologia de controle de umidade.<\/p>\r\n\r\n\r\n\r\n<figure class=\"wp-block-image size-full\"><img loading=\"lazy\" decoding=\"async\" width=\"900\" height=\"954\" class=\"wp-image-606\" src=\"http:\/\/culinariasemlactose.com\/curiosidades\/wp-content\/smush-avif\/2023\/11\/Geladeira-Panasonic-aberta.png.avif\" alt=\"\" srcset=\"https:\/\/culinariasemlactose.com\/curiosidades\/wp-content\/smush-avif\/2023\/11\/Geladeira-Panasonic-aberta.png.avif 900w, https:\/\/culinariasemlactose.com\/curiosidades\/wp-content\/smush-avif\/2023\/11\/Geladeira-Panasonic-aberta-283x300.png.avif 283w, https:\/\/culinariasemlactose.com\/curiosidades\/wp-content\/smush-avif\/2023\/11\/Geladeira-Panasonic-aberta-768x814.png.avif 768w, https:\/\/culinariasemlactose.com\/curiosidades\/wp-content\/smush-avif\/2023\/11\/Geladeira-Panasonic-aberta-150x159.png.avif 150w\" sizes=\"(max-width: 900px) 100vw, 900px\" data-smush-avif-fallback=\"{&quot;src&quot;:&quot;http:\\\/\\\/culinariasemlactose.com\\\/curiosidades\\\/wp-content\\\/uploads\\\/2023\\\/11\\\/Geladeira-Panasonic-aberta.png&quot;,&quot;srcset&quot;:&quot;https:\\\/\\\/culinariasemlactose.com\\\/curiosidades\\\/wp-content\\\/uploads\\\/2023\\\/11\\\/Geladeira-Panasonic-aberta.png 900w, https:\\\/\\\/culinariasemlactose.com\\\/curiosidades\\\/wp-content\\\/uploads\\\/2023\\\/11\\\/Geladeira-Panasonic-aberta-283x300.png 283w, https:\\\/\\\/culinariasemlactose.com\\\/curiosidades\\\/wp-content\\\/uploads\\\/2023\\\/11\\\/Geladeira-Panasonic-aberta-768x814.png 768w, https:\\\/\\\/culinariasemlactose.com\\\/curiosidades\\\/wp-content\\\/uploads\\\/2023\\\/11\\\/Geladeira-Panasonic-aberta-150x159.png 150w&quot;}\" \/><\/figure>\r\n\r\n\r\n<div class=\"wp-block-affiliatex-product-table\" id=\"affiliatex-pdt-table-style-9803c94b-a9c4-4237-abcf-5a5414b2b357\">\n\t<div class=\"affx-pdt-table-container--free affx-block-admin layout-3\">\n\t\t<div class=\"affx-pdt-table-wrapper\">\n\t\t\t\t\t\t\t<div class=\"affx-pdt-table-single\">\n\t\t\t\t<div class=\"affx-pdt-img-wrapper\">\n\t<img loading=\"lazy\" decoding=\"async\" width=\"900\" height=\"837\" src=\"https:\/\/culinariasemlactose.com\/curiosidades\/wp-content\/smush-avif\/2023\/11\/Geladeira-preta.png.avif\" class=\"attachment-full size-full\" alt=\"\" style=\"height: auto\" data-smush-avif-fallback=\"{&quot;src&quot;:&quot;https:\\\/\\\/culinariasemlactose.com\\\/curiosidades\\\/wp-content\\\/uploads\\\/2023\\\/11\\\/Geladeira-preta.png&quot;}\" \/><\/div>\n\t\t<div class=\"affx-pdt-content-wrap\">\n\t\t<div class=\"affx-content-left\">\n\t\t\t\t\t\t\t\t\t\t<span class=\"affx-pdt-ribbon\">Top 4 de Melhor Avalia\u00e7\u00e3o<\/span>\n\t\t\t\t\t\t\t<h5 class=\"affx-pdt-name\">Geladeira Panasonic Frost Free 425L A+++ Black Glass &#8211; NR-BB53GV3B<\/h5>\n\t\t\t<div class=\"affx-rating-wrap\">\t\t\t<span style=\"color:#FFB800;width:25px;height:25px\"><svg fill=\"currentColor\" width=\"25\" height=\"25\" viewBox=\"0 0 24 24\"><path d=\"M12 17.27L18.18 21l-1.64-7.03L22 9.24l-7.19-.61L12 2 9.19 8.63 2 9.24l5.46 4.73L5.82 21z\"><\/path><\/svg><\/span><span style=\"color:#FFB800;width:25px;height:25px\"><svg fill=\"currentColor\" width=\"25\" height=\"25\" viewBox=\"0 0 24 24\"><path d=\"M12 17.27L18.18 21l-1.64-7.03L22 9.24l-7.19-.61L12 2 9.19 8.63 2 9.24l5.46 4.73L5.82 21z\"><\/path><\/svg><\/span><span style=\"color:#FFB800;width:25px;height:25px\"><svg fill=\"currentColor\" width=\"25\" height=\"25\" viewBox=\"0 0 24 24\"><path d=\"M12 17.27L18.18 21l-1.64-7.03L22 9.24l-7.19-.61L12 2 9.19 8.63 2 9.24l5.46 4.73L5.82 21z\"><\/path><\/svg><\/span><span style=\"color:#FFB800;width:25px;height:25px\"><svg fill=\"currentColor\" width=\"25\" height=\"25\" viewBox=\"0 0 24 24\"><path d=\"M12 17.27L18.18 21l-1.64-7.03L22 9.24l-7.19-.61L12 2 9.19 8.63 2 9.24l5.46 4.73L5.82 21z\"><\/path><\/svg><\/span><span style=\"color:#FFB800;width:25px;height:25px\"><svg fill=\"currentColor\" width=\"25\" height=\"25\" viewBox=\"0 0 24 24\"><path d=\"M12 17.27L18.18 21l-1.64-7.03L22 9.24l-7.19-.61L12 2 9.19 8.63 2 9.24l5.46 4.73L5.82 21z\"><\/path><\/svg><\/span>\t<\/div>\n\t\t\t\t\t\t<div class=\"affx-pdt-desc\">\t\t<ul class=\"affiliatex-list affiliatex-list-type-unordered afx-icon-list\">\n\t\t\t\t\t\t\t\t\t\t\t\t\t\t<li>\n\t\t\t\t\t\t\t\t\t\t\t<i class=\"far fa-check-circle\"><\/i>\n\t\t\t\t\t\t\t\t\t\t<span>Economia de energia com Inverter<\/span>\n\t\t\t\t<\/li>\n\t\t\t\t\t\t\t\t\t\t\t\t\t\t\t\t<li>\n\t\t\t\t\t\t\t\t\t\t\t<i class=\"far fa-check-circle\"><\/i>\n\t\t\t\t\t\t\t\t\t\t<span>Monitoramento de uso di\u00e1rio com Econavi<\/span>\n\t\t\t\t<\/li>\n\t\t\t\t\t\t\t\t\t\t\t\t\t\t\t\t<li>\n\t\t\t\t\t\t\t\t\t\t\t<i class=\"far fa-check-circle\"><\/i>\n\t\t\t\t\t\t\t\t\t\t<span>Monitoramento de uso di\u00e1rio com Econavi<\/span>\n\t\t\t\t<\/li>\n\t\t\t\t\t\t\t\t\t\t\t\t\t\t\t\t<li>\n\t\t\t\t\t\t\t\t\t\t\t<i class=\"far fa-check-circle\"><\/i>\n\t\t\t\t\t\t\t\t\t\t<span>Fun\u00e7\u00e3o Freshfreezer<\/span>\n\t\t\t\t<\/li>\n\t\t\t\t\t\t\t\t\t\t\t\t\t\t\t\t<li>\n\t\t\t\t\t\t\t\t\t\t\t<i class=\"far fa-check-circle\"><\/i>\n\t\t\t\t\t\t\t\t\t\t<span>Geladeira Livre de Bact\u00e9rias<\/span>\n\t\t\t\t<\/li>\n\t\t\t\t\t\t\t\t\t\t\t\t\t\t\t\t<li>\n\t\t\t\t\t\t\t\t\t\t\t<i class=\"far fa-check-circle\"><\/i>\n\t\t\t\t\t\t\t\t\t\t<span>Tecnologia Climate Control<\/span>\n\t\t\t\t<\/li>\n\t\t\t\t\t\t\t<\/ul>\n<\/div>\n\t\t<\/div>\n\t\t<div class=\"affx-pdt-button-wrap\">\n\t\t\t<div class=\"affx-btn-wrapper\">\n\t\t\t\t<div class=\"affx-btn-inner\">\n\t<a href=\"https:\/\/amzn.to\/49gEgYt\" class=\"affiliatex-button primary icon-btn icon-right\" rel=\"&quot;nofollow&quot; noopener\" target=\"_blank\">\n\t\t\t\tCompre Agora\t\t\t\t\t<i class=\"button-icon fas fa-angle-right\"><\/i>\n\t\t\t<\/a>\n<\/div>\n\t\t\t\t\t\t\t<\/div>\n\t\t<\/div>\n\t<\/div>\n<\/div>\n\t\t\t\t\t<\/div>\n\t<\/div>\n<\/div>\n\r\n\r\n\r\n<div class=\"wp-block-spacer\" style=\"height: 8px;\" aria-hidden=\"true\">\u00a0<\/div>\r\n\r\n\r\n\r\n<h2 class=\"wp-block-heading\" style=\"font-size: 30px;\"><span class=\"ez-toc-section\" id=\"5o-_Geladeira_Consul_Frost_Free_Duplex_340_litros_Branca_com_Prateleiras_Altura_Flex_%E2%80%93_CRM39AB_110V_A_escolha_perfeita_para_sua_cozinha\"><\/span>5\u00ba- Geladeira Consul Frost Free Duplex 340 litros Branca com Prateleiras Altura Flex &#8211; CRM39AB 110V: A escolha perfeita para sua cozinha<span class=\"ez-toc-section-end\"><\/span><\/h2>\r\n\r\n\r\n\r\n<figure class=\"wp-block-image size-full\"><img loading=\"lazy\" decoding=\"async\" width=\"900\" height=\"799\" class=\"wp-image-591\" src=\"http:\/\/culinariasemlactose.com\/curiosidades\/wp-content\/smush-avif\/2023\/11\/Geladeira-consul.png.avif\" alt=\"\" srcset=\"https:\/\/culinariasemlactose.com\/curiosidades\/wp-content\/smush-avif\/2023\/11\/Geladeira-consul.png.avif 900w, https:\/\/culinariasemlactose.com\/curiosidades\/wp-content\/smush-avif\/2023\/11\/Geladeira-consul-300x266.png.avif 300w, https:\/\/culinariasemlactose.com\/curiosidades\/wp-content\/smush-avif\/2023\/11\/Geladeira-consul-768x682.png.avif 768w, https:\/\/culinariasemlactose.com\/curiosidades\/wp-content\/smush-avif\/2023\/11\/Geladeira-consul-150x133.png.avif 150w\" sizes=\"(max-width: 900px) 100vw, 900px\" data-smush-avif-fallback=\"{&quot;src&quot;:&quot;http:\\\/\\\/culinariasemlactose.com\\\/curiosidades\\\/wp-content\\\/uploads\\\/2023\\\/11\\\/Geladeira-consul.png&quot;,&quot;srcset&quot;:&quot;https:\\\/\\\/culinariasemlactose.com\\\/curiosidades\\\/wp-content\\\/uploads\\\/2023\\\/11\\\/Geladeira-consul.png 900w, https:\\\/\\\/culinariasemlactose.com\\\/curiosidades\\\/wp-content\\\/uploads\\\/2023\\\/11\\\/Geladeira-consul-300x266.png 300w, https:\\\/\\\/culinariasemlactose.com\\\/curiosidades\\\/wp-content\\\/uploads\\\/2023\\\/11\\\/Geladeira-consul-768x682.png 768w, https:\\\/\\\/culinariasemlactose.com\\\/curiosidades\\\/wp-content\\\/uploads\\\/2023\\\/11\\\/Geladeira-consul-150x133.png 150w&quot;}\" \/><\/figure>\r\n\r\n\r\n\r\n<p>A <a href=\"https:\/\/amzn.to\/462dssa\" target=\"_blank\" rel=\"nofollow noopener noreferrer\">Geladeira Consul Frost Free Duplex 340 litros<\/a> \u00e9 a op\u00e7\u00e3o ideal para quem busca praticidade e efici\u00eancia na hora de armazenar alimentos. Com um design moderno e funcional, ela se destaca pela sua capacidade de 340 litros, perfeita para fam\u00edlias de m\u00e9dio porte.<\/p>\r\n<p>Uma das principais vantagens dessa geladeira \u00e9 o sistema Frost Free, que impede a forma\u00e7\u00e3o de gelo nas paredes internas. Isso significa que voc\u00ea n\u00e3o precisa se preocupar em descongelar a geladeira periodicamente, pois ela faz esse trabalho sozinha. Al\u00e9m disso, o sistema Frost Free tamb\u00e9m ajuda a manter os alimentos frescos por mais tempo, evitando o desperd\u00edcio.<\/p>\r\n<p>A Geladeira Consul Frost Free Duplex 340 litros conta com prateleiras Altura Flex, que podem ser ajustadas de acordo com a sua necessidade. Assim, voc\u00ea consegue organizar os alimentos de maneira pr\u00e1tica e aproveitar ao m\u00e1ximo o espa\u00e7o interno da geladeira. Al\u00e9m disso, ela possui compartimentos especiais para latas e garrafas, facilitando o armazenamento desses itens.<\/p>\r\n<p>Outro destaque dessa geladeira \u00e9 o seu baixo consumo de energia. Com a classifica\u00e7\u00e3o A no Procel, ela consome menos energia e ajuda a reduzir a sua conta de luz. Isso \u00e9 especialmente importante nos dias de hoje, em que a preocupa\u00e7\u00e3o com o meio ambiente e a sustentabilidade est\u00e1 cada vez maior.<\/p>\r\n<p><strong>Principais caracter\u00edsticas da Geladeira Consul Frost Free Duplex 340 litros:<\/strong><\/p>\r\n<ul>\r\n<li>Capacidade de 340 litros, ideal para fam\u00edlias de m\u00e9dio porte;<\/li>\r\n<li>Sistema Frost Free, que impede a forma\u00e7\u00e3o de gelo;<\/li>\r\n<li>Prateleiras Altura Flex, que podem ser ajustadas de acordo com a necessidade;<\/li>\r\n<li>Compartimentos especiais para latas e garrafas;<\/li>\r\n<li>Consumo de energia classificado como A no Procel.<\/li>\r\n<\/ul>\r\n<p>A Geladeira Consul Frost Free Duplex 340 litros \u00e9 a escolha perfeita para quem busca praticidade, efici\u00eancia e economia de energia. Com ela, voc\u00ea ter\u00e1 mais espa\u00e7o para armazenar seus alimentos, sem se preocupar com o descongelamento. Al\u00e9m disso, o seu design moderno e funcional vai deixar a sua cozinha ainda mais bonita. N\u00e3o perca tempo,<a href=\"https:\/\/amzn.to\/462dssa\" target=\"_blank\" rel=\"nofollow noopener noreferrer\"> adquira j\u00e1 a sua Geladeira Consul Frost Free Duplex 340 litros<\/a> e aproveite todos esses benef\u00edcios!<\/p>\r\n\r\n\r\n\r\n<div class=\"wp-block-spacer\" style=\"height: 32px;\" aria-hidden=\"true\">\u00a0<\/div>\r\n\r\n\r\n\r\n<figure class=\"wp-block-image size-full\"><img loading=\"lazy\" decoding=\"async\" width=\"900\" height=\"874\" class=\"wp-image-595\" src=\"http:\/\/culinariasemlactose.com\/curiosidades\/wp-content\/smush-avif\/2023\/11\/Energia-a.png.avif\" alt=\"\" srcset=\"https:\/\/culinariasemlactose.com\/curiosidades\/wp-content\/smush-avif\/2023\/11\/Energia-a.png.avif 900w, https:\/\/culinariasemlactose.com\/curiosidades\/wp-content\/smush-avif\/2023\/11\/Energia-a-300x291.png.avif 300w, https:\/\/culinariasemlactose.com\/curiosidades\/wp-content\/smush-avif\/2023\/11\/Energia-a-768x746.png.avif 768w, https:\/\/culinariasemlactose.com\/curiosidades\/wp-content\/smush-avif\/2023\/11\/Energia-a-150x146.png.avif 150w\" sizes=\"(max-width: 900px) 100vw, 900px\" data-smush-avif-fallback=\"{&quot;src&quot;:&quot;http:\\\/\\\/culinariasemlactose.com\\\/curiosidades\\\/wp-content\\\/uploads\\\/2023\\\/11\\\/Energia-a.png&quot;,&quot;srcset&quot;:&quot;https:\\\/\\\/culinariasemlactose.com\\\/curiosidades\\\/wp-content\\\/uploads\\\/2023\\\/11\\\/Energia-a.png 900w, https:\\\/\\\/culinariasemlactose.com\\\/curiosidades\\\/wp-content\\\/uploads\\\/2023\\\/11\\\/Energia-a-300x291.png 300w, https:\\\/\\\/culinariasemlactose.com\\\/curiosidades\\\/wp-content\\\/uploads\\\/2023\\\/11\\\/Energia-a-768x746.png 768w, https:\\\/\\\/culinariasemlactose.com\\\/curiosidades\\\/wp-content\\\/uploads\\\/2023\\\/11\\\/Energia-a-150x146.png 150w&quot;}\" \/><\/figure>\r\n\r\n\r\n\r\n<div class=\"wp-block-spacer\" style=\"height: 15px;\" aria-hidden=\"true\">\u00a0<\/div>\r\n\r\n\r\n\r\n<div id=\"affiliatex-single-product-style-8deaa2fe-bb47-4e23-9964-b69b4733e5fb\" class=\"wp-block-affiliatex-single-product\">\r\n<div class=\"affx-single-product-wrapper product-layout-1\">\r\n<div class=\"affx-sp-inner\">\r\n<div class=\"affx-sp-content image-left \">\r\n<div class=\"affx-sp-ribbon ribbon-layout-1\">\r\n<div class=\"affx-sp-ribbon-title\">Top 5<\/div>\r\n<\/div>\r\n<div class=\"affx-sp-img-wrapper\"><img decoding=\"async\" src=\"http:\/\/culinariasemlactose.com\/curiosidades\/wp-content\/smush-avif\/2023\/11\/Geladeira-consul.png.avif\" data-smush-avif-fallback=\"{&quot;src&quot;:&quot;http:\\\/\\\/culinariasemlactose.com\\\/curiosidades\\\/wp-content\\\/uploads\\\/2023\\\/11\\\/Geladeira-consul.png&quot;}\" \/><\/div>\r\n<div class=\"affx-sp-content-wrapper\">\r\n<div class=\"title-wrapper affx-star-rating \">\r\n<div class=\"affx-title-left\">\r\n<h4 class=\"affx-single-product-title\">Geladeira Consul Frost Free Duplex 340 litros Branca com Prateleiras Altura Flex &#8211; CRM39AB 110V<\/h4>\r\n<\/div>\r\n<div class=\"affx-sp-pricing-pic rating-align-left\">\u00a0<\/div>\r\n<\/div>\r\n<div class=\"affx-single-product-content\">\r\n<p class=\"affiliatex-content\">A Geladeira Consul Frost Free 340 litros n\u00e3o precisa descongelar nunca. Possui prateleiras com Altura Flex que permite at\u00e9 8 n\u00edveis de altura e fun\u00e7\u00e3o Turbo.<\/p>\r\n<\/div>\r\n<div class=\"button-wrapper\"><div class=\"affx-btn-wrapper wp-block-affiliatex-buttons\" id=\"affiliatex-blocks-style-ebf165bb-24e1-47a9-800a-bfabf1ff6d37\">\n\t<div class=\"affx-btn-inner\">\n\t\t<a href=\"https:\/\/amzn.to\/462dssa\" class=\"affiliatex-button btn-align-flex-start btn-is-medium btn-is-flex-medium icon-left\" rel=\"noopener nofollow\" target=\"_blank\">\n\t\t\t<i class=\"button-icon far fa-thumbs-up\"><\/i>\t\t\t<span class=\"affiliatex-btn\">Compre Agora<\/span>\n\t\t\t\t\t\t\t\t<\/a>\n\t<\/div>\n<\/div>\n<\/div>\r\n<\/div>\r\n<\/div>\r\n<\/div>\r\n<\/div>\r\n<\/div>\r\n\r\n\r\n\r\n<h3 class=\"wp-block-heading\" style=\"font-size: 27px;\">Voc\u00ea quer saber mais sobre a Geladeira Consul Frost Free Duplex 340 litros Branca com Prateleiras Altura Flex &#8211; CRM39AB ?<\/h3>\r\n\r\n\r\n\r\n<p><span style=\"text-decoration: underline;\"><strong>Diferenciais <span class=\"b consul-pdp-components-0-x-strong\">Consul<\/span><\/strong><\/span><\/p>\r\n<ul>\r\n<li><em><strong>Altura Flex<\/strong><\/em><\/li>\r\n<\/ul>\r\n<p>Com o exclusivo sistema de regulagem, as prateleiras podem ser ajustadas em at\u00e9 8 n\u00edveis de altura para acomodar itens de diversos tamanhos sem precisar tira-los da geladeira;<\/p>\r\n\r\n\r\n\r\n<figure class=\"wp-block-image size-full\"><img loading=\"lazy\" decoding=\"async\" width=\"900\" height=\"900\" class=\"wp-image-598\" src=\"http:\/\/culinariasemlactose.com\/curiosidades\/wp-content\/smush-avif\/2023\/11\/Pateleiras-consul.png.avif\" alt=\"\" srcset=\"https:\/\/culinariasemlactose.com\/curiosidades\/wp-content\/smush-avif\/2023\/11\/Pateleiras-consul.png.avif 900w, https:\/\/culinariasemlactose.com\/curiosidades\/wp-content\/smush-avif\/2023\/11\/Pateleiras-consul-300x300.png.avif 300w, https:\/\/culinariasemlactose.com\/curiosidades\/wp-content\/smush-avif\/2023\/11\/Pateleiras-consul-150x150.png.avif 150w, https:\/\/culinariasemlactose.com\/curiosidades\/wp-content\/smush-avif\/2023\/11\/Pateleiras-consul-768x768.png.avif 768w, https:\/\/culinariasemlactose.com\/curiosidades\/wp-content\/smush-avif\/2023\/11\/Pateleiras-consul-96x96.png.avif 96w\" sizes=\"(max-width: 900px) 100vw, 900px\" data-smush-avif-fallback=\"{&quot;src&quot;:&quot;http:\\\/\\\/culinariasemlactose.com\\\/curiosidades\\\/wp-content\\\/uploads\\\/2023\\\/11\\\/Pateleiras-consul.png&quot;,&quot;srcset&quot;:&quot;https:\\\/\\\/culinariasemlactose.com\\\/curiosidades\\\/wp-content\\\/uploads\\\/2023\\\/11\\\/Pateleiras-consul.png 900w, https:\\\/\\\/culinariasemlactose.com\\\/curiosidades\\\/wp-content\\\/uploads\\\/2023\\\/11\\\/Pateleiras-consul-300x300.png 300w, https:\\\/\\\/culinariasemlactose.com\\\/curiosidades\\\/wp-content\\\/uploads\\\/2023\\\/11\\\/Pateleiras-consul-150x150.png 150w, https:\\\/\\\/culinariasemlactose.com\\\/curiosidades\\\/wp-content\\\/uploads\\\/2023\\\/11\\\/Pateleiras-consul-768x768.png 768w, https:\\\/\\\/culinariasemlactose.com\\\/curiosidades\\\/wp-content\\\/uploads\\\/2023\\\/11\\\/Pateleiras-consul-96x96.png 96w&quot;}\" \/><\/figure>\r\n\r\n\r\n\r\n<ul>\r\n<li><em><strong>Fun\u00e7\u00e3o Turbo<\/strong><\/em><\/li>\r\n<\/ul>\r\n<p>Resfrie sua geladeira muito mais r\u00e1pido mais facilidade para quando ela est\u00e1 cheia e para ocasi\u00f5es especiais;<\/p>\r\n<ul>\r\n<li><em><strong>Fost Free<\/strong><\/em><\/li>\r\n<\/ul>\r\n<p>Sabe quando chega a hora de limpar a geladeira e voc\u00ea precisa esperar ela descongelar inteira?<\/p>\r\n<p>-Ent\u00e3o, com uma geladeira Frost Free nada disso acontece! Isso porque ela possui uma tecnologia avan\u00e7ada que faz com que nunca se forme gelo nas paredes do congelador. Ou seja: voc\u00ea n\u00e3o precisa descongelar nunca;<\/p>\r\n\r\n\r\n\r\n<figure class=\"wp-block-image size-full\"><img loading=\"lazy\" decoding=\"async\" width=\"900\" height=\"896\" class=\"wp-image-597\" src=\"http:\/\/culinariasemlactose.com\/curiosidades\/wp-content\/smush-avif\/2023\/11\/geladeira-temperatura-free.png.avif\" alt=\"\" srcset=\"https:\/\/culinariasemlactose.com\/curiosidades\/wp-content\/smush-avif\/2023\/11\/geladeira-temperatura-free.png.avif 900w, https:\/\/culinariasemlactose.com\/curiosidades\/wp-content\/smush-avif\/2023\/11\/geladeira-temperatura-free-300x300.png.avif 300w, https:\/\/culinariasemlactose.com\/curiosidades\/wp-content\/smush-avif\/2023\/11\/geladeira-temperatura-free-150x149.png.avif 150w, https:\/\/culinariasemlactose.com\/curiosidades\/wp-content\/smush-avif\/2023\/11\/geladeira-temperatura-free-768x765.png.avif 768w, https:\/\/culinariasemlactose.com\/curiosidades\/wp-content\/smush-avif\/2023\/11\/geladeira-temperatura-free-96x96.png.avif 96w\" sizes=\"(max-width: 900px) 100vw, 900px\" data-smush-avif-fallback=\"{&quot;src&quot;:&quot;http:\\\/\\\/culinariasemlactose.com\\\/curiosidades\\\/wp-content\\\/uploads\\\/2023\\\/11\\\/geladeira-temperatura-free.png&quot;,&quot;srcset&quot;:&quot;https:\\\/\\\/culinariasemlactose.com\\\/curiosidades\\\/wp-content\\\/uploads\\\/2023\\\/11\\\/geladeira-temperatura-free.png 900w, https:\\\/\\\/culinariasemlactose.com\\\/curiosidades\\\/wp-content\\\/uploads\\\/2023\\\/11\\\/geladeira-temperatura-free-300x300.png 300w, https:\\\/\\\/culinariasemlactose.com\\\/curiosidades\\\/wp-content\\\/uploads\\\/2023\\\/11\\\/geladeira-temperatura-free-150x149.png 150w, https:\\\/\\\/culinariasemlactose.com\\\/curiosidades\\\/wp-content\\\/uploads\\\/2023\\\/11\\\/geladeira-temperatura-free-768x765.png 768w, https:\\\/\\\/culinariasemlactose.com\\\/curiosidades\\\/wp-content\\\/uploads\\\/2023\\\/11\\\/geladeira-temperatura-free-96x96.png 96w&quot;}\" \/><\/figure>\r\n\r\n\r\n\r\n\r\n\r\n<ul>\r\n<li><em><strong>Gavet\u00e3o Hortifruti<\/strong><\/em><\/li>\r\n<\/ul>\r\n<p>Deixa suas frutas, verduras e legumes organizadas, mantendo-os fresquinhos;<\/p>\r\n\r\n\r\n\r\n<figure class=\"wp-block-image size-full\"><img loading=\"lazy\" decoding=\"async\" width=\"900\" height=\"819\" class=\"wp-image-596\" src=\"http:\/\/culinariasemlactose.com\/curiosidades\/wp-content\/smush-avif\/2023\/11\/Geladeira-consul-aberta.png.avif\" alt=\"\" srcset=\"https:\/\/culinariasemlactose.com\/curiosidades\/wp-content\/smush-avif\/2023\/11\/Geladeira-consul-aberta.png.avif 900w, https:\/\/culinariasemlactose.com\/curiosidades\/wp-content\/smush-avif\/2023\/11\/Geladeira-consul-aberta-300x273.png.avif 300w, https:\/\/culinariasemlactose.com\/curiosidades\/wp-content\/smush-avif\/2023\/11\/Geladeira-consul-aberta-768x699.png.avif 768w, https:\/\/culinariasemlactose.com\/curiosidades\/wp-content\/smush-avif\/2023\/11\/Geladeira-consul-aberta-150x137.png.avif 150w\" sizes=\"(max-width: 900px) 100vw, 900px\" data-smush-avif-fallback=\"{&quot;src&quot;:&quot;http:\\\/\\\/culinariasemlactose.com\\\/curiosidades\\\/wp-content\\\/uploads\\\/2023\\\/11\\\/Geladeira-consul-aberta.png&quot;,&quot;srcset&quot;:&quot;https:\\\/\\\/culinariasemlactose.com\\\/curiosidades\\\/wp-content\\\/uploads\\\/2023\\\/11\\\/Geladeira-consul-aberta.png 900w, https:\\\/\\\/culinariasemlactose.com\\\/curiosidades\\\/wp-content\\\/uploads\\\/2023\\\/11\\\/Geladeira-consul-aberta-300x273.png 300w, https:\\\/\\\/culinariasemlactose.com\\\/curiosidades\\\/wp-content\\\/uploads\\\/2023\\\/11\\\/Geladeira-consul-aberta-768x699.png 768w, https:\\\/\\\/culinariasemlactose.com\\\/curiosidades\\\/wp-content\\\/uploads\\\/2023\\\/11\\\/Geladeira-consul-aberta-150x137.png 150w&quot;}\" \/><\/figure>\r\n\r\n\r\n\r\n<ul>\r\n<li><em><strong>Frezzer com Alta Capacidade<\/strong><\/em><\/li>\r\n<\/ul>\r\n<p>Mais espa\u00e7o e organiza\u00e7\u00e3o para os congelados.<\/p>\r\n\r\n\r\n\r\n<figure class=\"wp-block-image size-full\"><img loading=\"lazy\" decoding=\"async\" width=\"900\" height=\"799\" class=\"wp-image-591\" src=\"http:\/\/culinariasemlactose.com\/curiosidades\/wp-content\/smush-avif\/2023\/11\/Geladeira-consul.png.avif\" alt=\"\" srcset=\"https:\/\/culinariasemlactose.com\/curiosidades\/wp-content\/smush-avif\/2023\/11\/Geladeira-consul.png.avif 900w, https:\/\/culinariasemlactose.com\/curiosidades\/wp-content\/smush-avif\/2023\/11\/Geladeira-consul-300x266.png.avif 300w, https:\/\/culinariasemlactose.com\/curiosidades\/wp-content\/smush-avif\/2023\/11\/Geladeira-consul-768x682.png.avif 768w, https:\/\/culinariasemlactose.com\/curiosidades\/wp-content\/smush-avif\/2023\/11\/Geladeira-consul-150x133.png.avif 150w\" sizes=\"(max-width: 900px) 100vw, 900px\" data-smush-avif-fallback=\"{&quot;src&quot;:&quot;http:\\\/\\\/culinariasemlactose.com\\\/curiosidades\\\/wp-content\\\/uploads\\\/2023\\\/11\\\/Geladeira-consul.png&quot;,&quot;srcset&quot;:&quot;https:\\\/\\\/culinariasemlactose.com\\\/curiosidades\\\/wp-content\\\/uploads\\\/2023\\\/11\\\/Geladeira-consul.png 900w, https:\\\/\\\/culinariasemlactose.com\\\/curiosidades\\\/wp-content\\\/uploads\\\/2023\\\/11\\\/Geladeira-consul-300x266.png 300w, https:\\\/\\\/culinariasemlactose.com\\\/curiosidades\\\/wp-content\\\/uploads\\\/2023\\\/11\\\/Geladeira-consul-768x682.png 768w, https:\\\/\\\/culinariasemlactose.com\\\/curiosidades\\\/wp-content\\\/uploads\\\/2023\\\/11\\\/Geladeira-consul-150x133.png 150w&quot;}\" \/><\/figure>\r\n\r\n\r\n\r\n<div class=\"wp-block-spacer\" style=\"height: 27px;\" aria-hidden=\"true\">\u00a0<\/div>\r\n\r\n\r\n<div class=\"wp-block-affiliatex-product-table\" id=\"affiliatex-pdt-table-style-ccb17871-6c87-436f-9891-e4ec0a04effa\">\n\t<div class=\"affx-pdt-table-container--free affx-block-admin layout-3\">\n\t\t<div class=\"affx-pdt-table-wrapper\">\n\t\t\t\t\t\t\t<div class=\"affx-pdt-table-single\">\n\t\t\t\t<div class=\"affx-pdt-img-wrapper\">\n\t<img loading=\"lazy\" decoding=\"async\" width=\"900\" height=\"799\" src=\"https:\/\/culinariasemlactose.com\/curiosidades\/wp-content\/smush-avif\/2023\/11\/Geladeira-consul.png.avif\" class=\"attachment-full size-full\" alt=\"\" style=\"height: auto\" data-smush-avif-fallback=\"{&quot;src&quot;:&quot;https:\\\/\\\/culinariasemlactose.com\\\/curiosidades\\\/wp-content\\\/uploads\\\/2023\\\/11\\\/Geladeira-consul.png&quot;}\" \/><\/div>\n\t\t<div class=\"affx-pdt-content-wrap\">\n\t\t<div class=\"affx-content-left\">\n\t\t\t\t\t\t\t<span class=\"affx-pdt-counter\">1<\/span>\n\t\t\t\t\t\t\t\t\t\t<span class=\"affx-pdt-ribbon\">Top 5 de Mais Vendidas<\/span>\n\t\t\t\t\t\t\t<h5 class=\"affx-pdt-name\">Geladeira Consul Frost Free Duplex 340 litros Branca com Prateleiras Altura Flex &#8211; CRM39AB 110V<\/h5>\n\t\t\t<div class=\"affx-rating-wrap\">\t\t\t<span style=\"color:#FFB800;width:25px;height:25px\"><svg fill=\"currentColor\" width=\"25\" height=\"25\" viewBox=\"0 0 24 24\"><path d=\"M12 17.27L18.18 21l-1.64-7.03L22 9.24l-7.19-.61L12 2 9.19 8.63 2 9.24l5.46 4.73L5.82 21z\"><\/path><\/svg><\/span><span style=\"color:#FFB800;width:25px;height:25px\"><svg fill=\"currentColor\" width=\"25\" height=\"25\" viewBox=\"0 0 24 24\"><path d=\"M12 17.27L18.18 21l-1.64-7.03L22 9.24l-7.19-.61L12 2 9.19 8.63 2 9.24l5.46 4.73L5.82 21z\"><\/path><\/svg><\/span><span style=\"color:#FFB800;width:25px;height:25px\"><svg fill=\"currentColor\" width=\"25\" height=\"25\" viewBox=\"0 0 24 24\"><path d=\"M12 17.27L18.18 21l-1.64-7.03L22 9.24l-7.19-.61L12 2 9.19 8.63 2 9.24l5.46 4.73L5.82 21z\"><\/path><\/svg><\/span><span style=\"color:#FFB800;width:25px;height:25px\"><svg fill=\"currentColor\" width=\"25\" height=\"25\" viewBox=\"0 0 24 24\"><path d=\"M12 17.27L18.18 21l-1.64-7.03L22 9.24l-7.19-.61L12 2 9.19 8.63 2 9.24l5.46 4.73L5.82 21z\"><\/path><\/svg><\/span><span style=\"color:#FFB800;width:25px;height:25px\"><svg fill=\"currentColor\" width=\"25\" height=\"25\" viewBox=\"0 0 24 24\"><path d=\"M12 17.27L18.18 21l-1.64-7.03L22 9.24l-7.19-.61L12 2 9.19 8.63 2 9.24l5.46 4.73L5.82 21z\"><\/path><\/svg><\/span>\t<\/div>\n\t\t\t\t\t\t<div class=\"affx-pdt-desc\">\t\t<ul class=\"affiliatex-list affiliatex-list-type-unordered afx-icon-list\">\n\t\t\t\t\t\t\t\t\t\t\t\t\t\t<li>\n\t\t\t\t\t\t\t\t\t\t\t<i class=\"far fa-check-circle\"><\/i>\n\t\t\t\t\t\t\t\t\t\t<span>Altura Flex<\/span>\n\t\t\t\t<\/li>\n\t\t\t\t\t\t\t\t\t\t\t\t\t\t\t\t<li>\n\t\t\t\t\t\t\t\t\t\t\t<i class=\"far fa-check-circle\"><\/i>\n\t\t\t\t\t\t\t\t\t\t<span>Fun\u00e7\u00e3o Turbo<\/span>\n\t\t\t\t<\/li>\n\t\t\t\t\t\t\t\t\t\t\t\t\t\t\t\t<li>\n\t\t\t\t\t\t\t\t\t\t\t<i class=\"far fa-check-circle\"><\/i>\n\t\t\t\t\t\t\t\t\t\t<span>Fost Free<\/span>\n\t\t\t\t<\/li>\n\t\t\t\t\t\t\t\t\t\t\t\t\t\t\t\t<li>\n\t\t\t\t\t\t\t\t\t\t\t<i class=\"far fa-check-circle\"><\/i>\n\t\t\t\t\t\t\t\t\t\t<span>\u00a0Gavet\u00e3o Hortifruti<\/span>\n\t\t\t\t<\/li>\n\t\t\t\t\t\t\t\t\t\t\t\t\t\t\t\t<li>\n\t\t\t\t\t\t\t\t\t\t\t<i class=\"far fa-check-circle\"><\/i>\n\t\t\t\t\t\t\t\t\t\t<span>Frezzer com Alta Capacidade<\/span>\n\t\t\t\t<\/li>\n\t\t\t\t\t\t\t<\/ul>\n<\/div>\n\t\t<\/div>\n\t\t<div class=\"affx-pdt-button-wrap\">\n\t\t\t<div class=\"affx-btn-wrapper\">\n\t\t\t\t<div class=\"affx-btn-inner\">\n\t<a href=\"https:\/\/amzn.to\/462dssa\" class=\"affiliatex-button primary icon-btn icon-right\" rel=\"&quot;nofollow&quot; noopener\" target=\"_blank\">\n\t\t\t\tCompre Agora\t\t\t\t\t<i class=\"button-icon fas fa-angle-right\"><\/i>\n\t\t\t<\/a>\n<\/div>\n\t\t\t\t\t\t\t<\/div>\n\t\t<\/div>\n\t<\/div>\n<\/div>\n\t\t\t\t\t<\/div>\n\t<\/div>\n<\/div>\n\r\n\r\n\r\n<p><script async src=\"https:\/\/pagead2.googlesyndication.com\/pagead\/js\/adsbygoogle.js?client=ca-pub-3459676390679786\"\r\n     crossorigin=\"anonymous\"><\/script> <ins class=\"adsbygoogle\" style=\"display: block;\" data-ad-format=\"fluid\" data-ad-layout-key=\"-fb+5u+4n-dg+7q\" data-ad-client=\"ca-pub-3459676390679786\" data-ad-slot=\"1443206194\"><\/ins> <script>\r\n     (adsbygoogle = window.adsbygoogle || []).push({});\r\n<\/script><\/p>\r\n\r\n\r\n\r\n<h2 class=\"wp-block-heading\"><span class=\"ez-toc-section\" id=\"Conclusao\"><\/span>Conclus\u00e3o<span class=\"ez-toc-section-end\"><\/span><\/h2>\r\n\r\n\r\n\r\n<p>Na hora de escolher uma nova geladeira, \u00e9 importante considerar fatores como efici\u00eancia energ\u00e9tica, capacidade de armazenamento e recursos adicionais.<\/p>\r\n<p>As 5 geladeiras mencionadas acima s\u00e3o excelentes op\u00e7\u00f5es para quem busca qualidade e desempenho.<\/p>\r\n<p>Lembre-se de ler as avalia\u00e7\u00f5es dos consumidores e comparar os pre\u00e7os antes de fazer sua escolha final.<\/p>\r\n<p>Com uma geladeira de qualidade, voc\u00ea poder\u00e1 armazenar seus alimentos de forma eficiente e manter sua cozinha organizada.<\/p>\r\n\r\n\r\n\r\n\r\n\r\n\r\n\r\n<p>&nbsp;<\/p>\r\n","protected":false},"excerpt":{"rendered":"<p>Se voc\u00ea est\u00e1 pensando em comprar uma nova geladeira, \u00e9 importante fazer uma pesquisa cuidadosa para encontrar o modelo que atenda \u00e0s suas necessidades. Com tantas op\u00e7\u00f5es dispon\u00edveis no mercado, pode ser dif\u00edcil escolher a melhor geladeira para voc\u00ea. Neste artigo, vamos apresentar as 5 melhores geladeiras de 2025, com base em recursos, desempenho e [&hellip;]<\/p>\n","protected":false},"author":1,"featured_media":621,"comment_status":"open","ping_status":"closed","sticky":false,"template":"","format":"standard","meta":{"_lmt_disableupdate":"no","_lmt_disable":"no","footnotes":""},"categories":[124,1],"tags":[],"class_list":["post-527","post","type-post","status-publish","format-standard","has-post-thumbnail","hentry","category-compras","category-curiosidades-da-culinaria"],"modified_by":"Culin\u00e1ria sem Lactose","_links":{"self":[{"href":"https:\/\/culinariasemlactose.com\/curiosidades\/wp-json\/wp\/v2\/posts\/527","targetHints":{"allow":["GET"]}}],"collection":[{"href":"https:\/\/culinariasemlactose.com\/curiosidades\/wp-json\/wp\/v2\/posts"}],"about":[{"href":"https:\/\/culinariasemlactose.com\/curiosidades\/wp-json\/wp\/v2\/types\/post"}],"author":[{"embeddable":true,"href":"https:\/\/culinariasemlactose.com\/curiosidades\/wp-json\/wp\/v2\/users\/1"}],"replies":[{"embeddable":true,"href":"https:\/\/culinariasemlactose.com\/curiosidades\/wp-json\/wp\/v2\/comments?post=527"}],"version-history":[{"count":0,"href":"https:\/\/culinariasemlactose.com\/curiosidades\/wp-json\/wp\/v2\/posts\/527\/revisions"}],"wp:featuredmedia":[{"embeddable":true,"href":"https:\/\/culinariasemlactose.com\/curiosidades\/wp-json\/wp\/v2\/media\/621"}],"wp:attachment":[{"href":"https:\/\/culinariasemlactose.com\/curiosidades\/wp-json\/wp\/v2\/media?parent=527"}],"wp:term":[{"taxonomy":"category","embeddable":true,"href":"https:\/\/culinariasemlactose.com\/curiosidades\/wp-json\/wp\/v2\/categories?post=527"},{"taxonomy":"post_tag","embeddable":true,"href":"https:\/\/culinariasemlactose.com\/curiosidades\/wp-json\/wp\/v2\/tags?post=527"}],"curies":[{"name":"wp","href":"https:\/\/api.w.org\/{rel}","templated":true}]}}