{"id":1666,"date":"2024-04-18T11:10:28","date_gmt":"2024-04-18T14:10:28","guid":{"rendered":"https:\/\/culinariasemlactose.com\/curiosidades\/?p=1666"},"modified":"2025-06-22T10:42:49","modified_gmt":"2025-06-22T13:42:49","slug":"ideias-de-presentes-para-maes","status":"publish","type":"post","link":"https:\/\/culinariasemlactose.com\/curiosidades\/ideias-de-presentes-para-maes\/","title":{"rendered":"12 Ideias de Presentes Essenciais Para M\u00e3es Que Amam Cozinhar"},"content":{"rendered":"\n\n<div class=\"kk-star-ratings kksr-auto kksr-align-left kksr-valign-top\"\n    data-payload='{&quot;align&quot;:&quot;left&quot;,&quot;id&quot;:&quot;1666&quot;,&quot;slug&quot;:&quot;default&quot;,&quot;valign&quot;:&quot;top&quot;,&quot;ignore&quot;:&quot;&quot;,&quot;reference&quot;:&quot;auto&quot;,&quot;class&quot;:&quot;&quot;,&quot;count&quot;:&quot;1&quot;,&quot;legendonly&quot;:&quot;&quot;,&quot;readonly&quot;:&quot;&quot;,&quot;score&quot;:&quot;5&quot;,&quot;starsonly&quot;:&quot;&quot;,&quot;best&quot;:&quot;5&quot;,&quot;gap&quot;:&quot;5&quot;,&quot;greet&quot;:&quot;Avalie&quot;,&quot;legend&quot;:&quot;5\\\/5 - (1 voto)&quot;,&quot;size&quot;:&quot;24&quot;,&quot;title&quot;:&quot;12 Ideias de Presentes Essenciais Para M\u00e3es Que Amam Cozinhar&quot;,&quot;width&quot;:&quot;142.5&quot;,&quot;_legend&quot;:&quot;{score}\\\/{best} - ({count} {votes})&quot;,&quot;font_factor&quot;:&quot;1.25&quot;}'>\n            \n<div class=\"kksr-stars\">\n    \n<div class=\"kksr-stars-inactive\">\n            <div class=\"kksr-star\" data-star=\"1\" style=\"padding-right: 5px\">\n            \n\n<div class=\"kksr-icon\" style=\"width: 24px; height: 24px;\"><\/div>\n        <\/div>\n            <div class=\"kksr-star\" data-star=\"2\" style=\"padding-right: 5px\">\n            \n\n<div class=\"kksr-icon\" style=\"width: 24px; height: 24px;\"><\/div>\n        <\/div>\n            <div class=\"kksr-star\" data-star=\"3\" style=\"padding-right: 5px\">\n            \n\n<div class=\"kksr-icon\" style=\"width: 24px; height: 24px;\"><\/div>\n        <\/div>\n            <div class=\"kksr-star\" data-star=\"4\" style=\"padding-right: 5px\">\n            \n\n<div class=\"kksr-icon\" style=\"width: 24px; height: 24px;\"><\/div>\n        <\/div>\n            <div class=\"kksr-star\" data-star=\"5\" style=\"padding-right: 5px\">\n            \n\n<div class=\"kksr-icon\" style=\"width: 24px; height: 24px;\"><\/div>\n        <\/div>\n    <\/div>\n    \n<div class=\"kksr-stars-active\" style=\"width: 142.5px;\">\n            <div class=\"kksr-star\" style=\"padding-right: 5px\">\n            \n\n<div class=\"kksr-icon\" style=\"width: 24px; height: 24px;\"><\/div>\n        <\/div>\n            <div class=\"kksr-star\" style=\"padding-right: 5px\">\n            \n\n<div class=\"kksr-icon\" style=\"width: 24px; height: 24px;\"><\/div>\n        <\/div>\n            <div class=\"kksr-star\" style=\"padding-right: 5px\">\n            \n\n<div class=\"kksr-icon\" style=\"width: 24px; height: 24px;\"><\/div>\n        <\/div>\n            <div class=\"kksr-star\" style=\"padding-right: 5px\">\n            \n\n<div class=\"kksr-icon\" style=\"width: 24px; height: 24px;\"><\/div>\n        <\/div>\n            <div class=\"kksr-star\" style=\"padding-right: 5px\">\n            \n\n<div class=\"kksr-icon\" style=\"width: 24px; height: 24px;\"><\/div>\n        <\/div>\n    <\/div>\n<\/div>\n                \n\n<div class=\"kksr-legend\" style=\"font-size: 19.2px;\">\n            5\/5 - (1 voto)    <\/div>\n    <\/div>\n\t\t<div data-elementor-type=\"wp-post\" data-elementor-id=\"1666\" class=\"elementor elementor-1666\" data-elementor-post-type=\"post\">\n\t\t\t\t\t\t<section class=\"elementor-section elementor-top-section elementor-element elementor-element-18f0b99 elementor-section-boxed elementor-section-height-default elementor-section-height-default\" data-id=\"18f0b99\" data-element_type=\"section\" data-e-type=\"section\">\n\t\t\t\t\t\t<div class=\"elementor-container elementor-column-gap-default\">\n\t\t\t\t\t<div class=\"elementor-column elementor-col-100 elementor-top-column elementor-element elementor-element-68b12e7\" data-id=\"68b12e7\" data-element_type=\"column\" data-e-type=\"column\">\n\t\t\t<div class=\"elementor-widget-wrap elementor-element-populated\">\n\t\t\t\t\t\t<div class=\"elementor-element elementor-element-0f384ef elementor-widget elementor-widget-html\" data-id=\"0f384ef\" data-element_type=\"widget\" data-e-type=\"widget\" data-widget_type=\"html.default\">\n\t\t\t\t\t<script async src=\"https:\/\/pagead2.googlesyndication.com\/pagead\/js\/adsbygoogle.js?client=ca-pub-3459676390679786\"\n     crossorigin=\"anonymous\"><\/script>\n<!-- CSL- inicio do texto -->\n<ins class=\"adsbygoogle\"\n     style=\"display:block\"\n     data-ad-client=\"ca-pub-3459676390679786\"\n     data-ad-slot=\"6292208199\"\n     data-ad-format=\"auto\"\n     data-full-width-responsive=\"true\"><\/ins>\n<script>\n     (adsbygoogle = window.adsbygoogle || []).push({});\n<\/script>\t\t\t\t<\/div>\n\t\t\t\t\t<\/div>\n\t\t<\/div>\n\t\t\t\t\t<\/div>\n\t\t<\/section>\n\t\t<div class=\"elementor-element elementor-element-4cad8b0 e-flex e-con-boxed e-con e-parent\" data-id=\"4cad8b0\" data-element_type=\"container\" data-e-type=\"container\">\n\t\t\t\t\t<div class=\"e-con-inner\">\n\t\t\t\t<div class=\"elementor-element elementor-element-02e6ebd elementor-widget elementor-widget-text-editor\" data-id=\"02e6ebd\" data-element_type=\"widget\" data-e-type=\"widget\" data-widget_type=\"text-editor.default\">\n\t\t\t\t\t\t\t\t\t<p><span style=\"font-size: 16px;\">Para uma<strong> <a href=\"http:\/\/culinariasemlactose.com\/curiosidades\/presentes-baratos-para-o-dia-das-maes\/\" data-superlinks140684vt908f2723b=\"13\" class=\"spl-automatic-Link\" data-spl=\"13\">m\u00e3e<\/a><\/strong> que trata a cozinha n\u00e3o apenas como necessidade, mas como um cantinho de cria\u00e7\u00e3o e paix\u00e3o,<strong> escolher o presente perfeito<\/strong> pode ser um genu\u00edno ato de amor. Se sua m\u00e3e \u00e9 daquelas que consideram as especiarias t\u00e3o valiosas quanto joias, ou acha que uma <strong>panela de qualidade \u00e9 obra de arte<\/strong>, voc\u00ea sabe que um presente comum n\u00e3o vai fazer jus ao seu entusiasmo culin\u00e1rio.\u00a0<span style=\"text-align: var(--text-align); font-weight: var( --e-global-typography-text-font-weight );\">Assim, encontrar aquele item que vai fazer seus olhos brilharem e colocar um sorriso em seu rosto exige um pouco mais de reflex\u00e3o.\u00a0<\/span><\/span><\/p><p><span style=\"text-align: var(--text-align); font-weight: var( --e-global-typography-text-font-weight ); font-size: 16px;\">Agora, vamos destilar a <strong>ess\u00eancia dos presentes perfeitos<\/strong>, aqueles que ir\u00e3o tocar o cora\u00e7\u00e3o e os talentos culin\u00e1rios da mulher mais importante de sua vida. Prepare-se para descobrir <strong>presentes que s\u00e3o verdadeiros ajudantes de cozinha<\/strong>, transformando o cotidiano da sua m\u00e3e em uma sinfonia de sabores e experi\u00eancias.<\/span><\/p>\t\t\t\t\t\t\t\t<\/div>\n\t\t\t\t\t<\/div>\n\t\t\t\t<\/div>\n\t\t\t\t<section class=\"elementor-section elementor-top-section elementor-element elementor-element-c3e7e44 elementor-section-boxed elementor-section-height-default elementor-section-height-default\" data-id=\"c3e7e44\" data-element_type=\"section\" data-e-type=\"section\">\n\t\t\t\t\t\t<div class=\"elementor-container elementor-column-gap-default\">\n\t\t\t\t\t<div class=\"elementor-column elementor-col-100 elementor-top-column elementor-element elementor-element-ca6d44f\" data-id=\"ca6d44f\" data-element_type=\"column\" data-e-type=\"column\">\n\t\t\t<div class=\"elementor-widget-wrap elementor-element-populated\">\n\t\t\t\t\t\t<div class=\"elementor-element elementor-element-1d45b02 elementor-widget elementor-widget-spacer\" data-id=\"1d45b02\" data-element_type=\"widget\" data-e-type=\"widget\" data-widget_type=\"spacer.default\">\n\t\t\t\t\t\t\t<div class=\"elementor-spacer\">\n\t\t\t<div class=\"elementor-spacer-inner\"><\/div>\n\t\t<\/div>\n\t\t\t\t\t\t<\/div>\n\t\t\t\t<div class=\"elementor-element elementor-element-894b34b elementor-widget elementor-widget-html\" data-id=\"894b34b\" data-element_type=\"widget\" data-e-type=\"widget\" data-widget_type=\"html.default\">\n\t\t\t\t\t<script async src=\"https:\/\/pagead2.googlesyndication.com\/pagead\/js\/adsbygoogle.js?client=ca-pub-3459676390679786\"\n     crossorigin=\"anonymous\"><\/script>\n<!-- CSL- no meio do texto -->\n<ins class=\"adsbygoogle\"\n     style=\"display:block\"\n     data-ad-client=\"ca-pub-3459676390679786\"\n     data-ad-slot=\"8653226773\"\n     data-ad-format=\"auto\"\n     data-full-width-responsive=\"true\"><\/ins>\n<script>\n     (adsbygoogle = window.adsbygoogle || []).push({});\n<\/script>\t\t\t\t<\/div>\n\t\t\t\t\t<\/div>\n\t\t<\/div>\n\t\t\t\t\t<\/div>\n\t\t<\/section>\n\t\t<div class=\"elementor-element elementor-element-56b8b7e e-flex e-con-boxed e-con e-parent\" data-id=\"56b8b7e\" data-element_type=\"container\" data-e-type=\"container\">\n\t\t\t\t\t<div class=\"e-con-inner\">\n\t\t\t\t<div class=\"elementor-element elementor-element-c4ec4d4 elementor-widget elementor-widget-heading\" data-id=\"c4ec4d4\" data-element_type=\"widget\" data-e-type=\"widget\" data-widget_type=\"heading.default\">\n\t\t\t\t\t<h2 class=\"elementor-heading-title elementor-size-default\">Presentes Essenciais Para M\u00e3es <\/h2>\t\t\t\t<\/div>\n\t\t\t\t\t<\/div>\n\t\t\t\t<\/div>\n\t\t<div class=\"elementor-element elementor-element-5c55875 e-flex e-con-boxed e-con e-parent\" data-id=\"5c55875\" data-element_type=\"container\" data-e-type=\"container\">\n\t\t\t\t\t<div class=\"e-con-inner\">\n\t\t\t\t<div class=\"elementor-element elementor-element-5011c60 elementor-widget elementor-widget-text-editor\" data-id=\"5011c60\" data-element_type=\"widget\" data-e-type=\"widget\" data-widget_type=\"text-editor.default\">\n\t\t\t\t\t\t\t\t\t<p><span style=\"font-size: 16px;\">H\u00e1 algo quase m\u00e1gico em ver nossa m\u00e3e cozinhando, n\u00e3o \u00e9 verdade? <strong>A cozinha \u00e9 onde muitas <a href=\"http:\/\/culinariasemlactose.com\/curiosidades\/ideias-de-presentes-para-maes\/\" data-superlinks140684vt908f2723b=\"10\" class=\"spl-automatic-Link\" data-spl=\"10\">m\u00e3es<\/a> se expressam<\/strong>, e \u00e9 onde a fam\u00edlia muitas vezes se re\u00fane para compartilhar comida e mem\u00f3rias. Ao escolher um presente que celebra e facilita essa express\u00e3o, voc\u00ea n\u00e3o est\u00e1 apenas dando algo material, mas tamb\u00e9m algo que reconhece e apoia a paix\u00e3o dela pela <strong>arte culin\u00e1ria<\/strong>.\u00a0<\/span><\/p><p><span style=\"font-size: 16px;\">E \u00e9 essa pensativa considera\u00e7\u00e3o que manter\u00e1 sua m\u00e3e curiosa e ansiosa pela pr\u00f3xima surpresa que voc\u00ea lhe dar\u00e1. Siga adiante, porque vamos desvendar itens que<strong> transformar\u00e3o a rotina culin\u00e1ria de sua m\u00e3e<\/strong> em um laborat\u00f3rio gourmet de prazeres incont\u00e1veis.<\/span><\/p>\t\t\t\t\t\t\t\t<\/div>\n\t\t\t\t\t<\/div>\n\t\t\t\t<\/div>\n\t\t<div class=\"elementor-element elementor-element-e218c37 e-flex e-con-boxed e-con e-parent\" data-id=\"e218c37\" data-element_type=\"container\" data-e-type=\"container\">\n\t\t\t\t\t<div class=\"e-con-inner\">\n\t\t\t\t<div class=\"elementor-element elementor-element-7a78c54 elementor-widget elementor-widget-text-editor\" data-id=\"7a78c54\" data-element_type=\"widget\" data-e-type=\"widget\" data-widget_type=\"text-editor.default\">\n\t\t\t\t\t\t\t\t\t<p><span style=\"font-size: 16px;\"><strong>1. Utens\u00edlios de Cozinha Profissionais<\/strong><\/span><\/p><p><span style=\"font-size: 16px;\">Uma<strong> chef caseira<\/strong> merece as melhores ferramentas. Imagine a alegria de sua m\u00e3e ao desembrulhar um conjunto de facas de chef profissionais ou utens\u00edlios ergon\u00f4micos de silicone que podem suportar as condi\u00e7\u00f5es mais \u00e1rduas de cozimento. Esses <strong>utens\u00edlios<\/strong> n\u00e3o s\u00f3 facilitam a prepara\u00e7\u00e3o dos alimentos como tamb\u00e9m potencializam a precis\u00e3o e a habilidade na cozinha. Eles s\u00e3o presentes que transmitem uma mensagem: reconhecimento da paix\u00e3o e da habilidade dela.<\/span><\/p>\t\t\t\t\t\t\t\t<\/div>\n\t\t\t\t\t<\/div>\n\t\t\t\t<\/div>\n\t\t<div class=\"elementor-element elementor-element-96c43fa e-flex e-con-boxed e-con e-parent\" data-id=\"96c43fa\" data-element_type=\"container\" data-e-type=\"container\">\n\t\t\t\t\t<div class=\"e-con-inner\">\n\t\t<div class=\"elementor-element elementor-element-eb7ac3a e-con-full e-flex e-con e-child\" data-id=\"eb7ac3a\" data-element_type=\"container\" data-e-type=\"container\">\n\t\t\t\t<div class=\"elementor-element elementor-element-97f06a0 elementor-widget elementor-widget-image\" data-id=\"97f06a0\" data-element_type=\"widget\" data-e-type=\"widget\" data-widget_type=\"image.default\">\n\t\t\t\t\t\t\t\t\t\t\t\t\t\t\t\t<a href=\"https:\/\/amzn.to\/3VXA5g6\" target=\"_blank\" rel=\"nofollow noopener\">\n\t\t\t\t\t\t\t<img fetchpriority=\"high\" decoding=\"async\" width=\"200\" height=\"250\" src=\"https:\/\/culinariasemlactose.com\/curiosidades\/wp-content\/smush-avif\/2024\/04\/Utensilios-para-dia-das-maes.jpg.avif\" class=\"attachment-large size-large wp-image-1706\" alt=\"\" srcset=\"https:\/\/culinariasemlactose.com\/curiosidades\/wp-content\/smush-avif\/2024\/04\/Utensilios-para-dia-das-maes.jpg.avif 200w, https:\/\/culinariasemlactose.com\/curiosidades\/wp-content\/smush-avif\/2024\/04\/Utensilios-para-dia-das-maes-150x188.jpg.avif 150w\" sizes=\"(max-width: 200px) 100vw, 200px\" data-smush-avif-fallback=\"{&quot;src&quot;:&quot;https:\\\/\\\/culinariasemlactose.com\\\/curiosidades\\\/wp-content\\\/uploads\\\/2024\\\/04\\\/Utensilios-para-dia-das-maes.jpg&quot;,&quot;srcset&quot;:&quot;https:\\\/\\\/culinariasemlactose.com\\\/curiosidades\\\/wp-content\\\/uploads\\\/2024\\\/04\\\/Utensilios-para-dia-das-maes.jpg 200w, https:\\\/\\\/culinariasemlactose.com\\\/curiosidades\\\/wp-content\\\/uploads\\\/2024\\\/04\\\/Utensilios-para-dia-das-maes-150x188.jpg 150w&quot;}\" \/>\t\t\t\t\t\t\t\t<\/a>\n\t\t\t\t\t\t\t\t\t\t\t\t\t\t\t<\/div>\n\t\t\t\t<\/div>\n\t\t<div class=\"elementor-element elementor-element-d6b1d66 e-con-full e-flex e-con e-child\" data-id=\"d6b1d66\" data-element_type=\"container\" data-e-type=\"container\">\n\t\t\t\t<div class=\"elementor-element elementor-element-bf00435 elementor-widget elementor-widget-text-editor\" data-id=\"bf00435\" data-element_type=\"widget\" data-e-type=\"widget\" data-widget_type=\"text-editor.default\">\n\t\t\t\t\t\t\t\t\t<p><span style=\"font-size: 16px;\">Surpreenda sua m\u00e3e com o Kit de Utens\u00edlios de Cozinha com Cabo de Madeira e Silicone. A combina\u00e7\u00e3o de cinza e toques de madeira traz estilo e praticidade para sua cozinha, tornando cada momento culin\u00e1rio uma experi\u00eancia elegante e confort\u00e1vel. Presente ideal para m\u00e3es que amam cozinhar!<\/span><\/p>\t\t\t\t\t\t\t\t<\/div>\n\t\t\t\t<div class=\"elementor-element elementor-element-fd5095d elementor-align-center elementor-button-warning elementor-widget elementor-widget-button\" data-id=\"fd5095d\" data-element_type=\"widget\" data-e-type=\"widget\" data-widget_type=\"button.default\">\n\t\t\t\t\t\t\t\t\t\t<a class=\"elementor-button elementor-button-link elementor-size-sm\" href=\"https:\/\/amzn.to\/3VXA5g6\" target=\"_blank\" rel=\"noopener\">\n\t\t\t\t\t\t<span class=\"elementor-button-content-wrapper\">\n\t\t\t\t\t\t\t\t\t<span class=\"elementor-button-text\">Saiba Mais...<\/span>\n\t\t\t\t\t<\/span>\n\t\t\t\t\t<\/a>\n\t\t\t\t\t\t\t\t<\/div>\n\t\t\t\t<\/div>\n\t\t\t\t\t<\/div>\n\t\t\t\t<\/div>\n\t\t<div class=\"elementor-element elementor-element-11ce56e e-flex e-con-boxed e-con e-parent\" data-id=\"11ce56e\" data-element_type=\"container\" data-e-type=\"container\">\n\t\t\t\t\t<div class=\"e-con-inner\">\n\t\t\t\t<div class=\"elementor-element elementor-element-23a9034 elementor-widget elementor-widget-text-editor\" data-id=\"23a9034\" data-element_type=\"widget\" data-e-type=\"widget\" data-widget_type=\"text-editor.default\">\n\t\t\t\t\t\t\t\t\t<p><span style=\"font-size: 16px;\"><strong>2. Processador de Alimentos Multifuncional<\/strong><\/span><\/p><p><span style=\"font-size: 16px;\"><strong>M\u00e3es que adoram experimentar receitas<\/strong> apreciar\u00e3o a efici\u00eancia de um processador de alimentos multifuncional. Este \u00e9 o tipo de presente que diz, &#8220;Sei que seu tempo \u00e9 precioso&#8221;. Ele pode cortar, picar, misturar e at\u00e9 mesmo <a href=\"https:\/\/culinariasemlactose.com\/dicionario\/o-que-e-amassar-na-culinaria\/\" data-superlinks140684vt908f2723b=\"62\" class=\"spl-automatic-Link\" data-spl=\"62\">amassar<\/a>, permitindo que ela explore novas receitas sem o peso do trabalho manual intensivo.<\/span><\/p>\t\t\t\t\t\t\t\t<\/div>\n\t\t\t\t\t<\/div>\n\t\t\t\t<\/div>\n\t\t<div class=\"elementor-element elementor-element-52fd0ae e-flex e-con-boxed e-con e-parent\" data-id=\"52fd0ae\" data-element_type=\"container\" data-e-type=\"container\">\n\t\t\t\t\t<div class=\"e-con-inner\">\n\t\t<div class=\"elementor-element elementor-element-c9ece73 e-con-full e-flex e-con e-child\" data-id=\"c9ece73\" data-element_type=\"container\" data-e-type=\"container\">\n\t\t\t\t<div class=\"elementor-element elementor-element-8133be3 elementor-widget elementor-widget-image\" data-id=\"8133be3\" data-element_type=\"widget\" data-e-type=\"widget\" data-widget_type=\"image.default\">\n\t\t\t\t\t\t\t\t\t\t\t\t\t\t\t\t<a href=\"https:\/\/amzn.to\/3xIIFW1\" target=\"_blank\" rel=\"nofollow noopener\">\n\t\t\t\t\t\t\t<img decoding=\"async\" width=\"200\" height=\"250\" src=\"https:\/\/culinariasemlactose.com\/curiosidades\/wp-content\/smush-avif\/2024\/04\/Processador-para-dia-das-maes.jpg.avif\" class=\"attachment-large size-large wp-image-1707\" alt=\"\" srcset=\"https:\/\/culinariasemlactose.com\/curiosidades\/wp-content\/smush-avif\/2024\/04\/Processador-para-dia-das-maes.jpg.avif 200w, https:\/\/culinariasemlactose.com\/curiosidades\/wp-content\/smush-avif\/2024\/04\/Processador-para-dia-das-maes-150x188.jpg.avif 150w\" sizes=\"(max-width: 200px) 100vw, 200px\" data-smush-avif-fallback=\"{&quot;src&quot;:&quot;https:\\\/\\\/culinariasemlactose.com\\\/curiosidades\\\/wp-content\\\/uploads\\\/2024\\\/04\\\/Processador-para-dia-das-maes.jpg&quot;,&quot;srcset&quot;:&quot;https:\\\/\\\/culinariasemlactose.com\\\/curiosidades\\\/wp-content\\\/uploads\\\/2024\\\/04\\\/Processador-para-dia-das-maes.jpg 200w, https:\\\/\\\/culinariasemlactose.com\\\/curiosidades\\\/wp-content\\\/uploads\\\/2024\\\/04\\\/Processador-para-dia-das-maes-150x188.jpg 150w&quot;}\" \/>\t\t\t\t\t\t\t\t<\/a>\n\t\t\t\t\t\t\t\t\t\t\t\t\t\t\t<\/div>\n\t\t\t\t<\/div>\n\t\t<div class=\"elementor-element elementor-element-007e109 e-con-full e-flex e-con e-child\" data-id=\"007e109\" data-element_type=\"container\" data-e-type=\"container\">\n\t\t\t\t<div class=\"elementor-element elementor-element-364e9f6 elementor-widget elementor-widget-text-editor\" data-id=\"364e9f6\" data-element_type=\"widget\" data-e-type=\"widget\" data-widget_type=\"text-editor.default\">\n\t\t\t\t\t\t\t\t\t<p><span style=\"font-size: 16px;\">Facilite o dia a dia da sua m\u00e3e na cozinha com o Multiprocessador Philco. Com 1400W de pot\u00eancia, na cor vermelha vibrante, \u00e9 perfeito para preparar receitas com praticidade e rapidez. Surpreenda-a com um presente que levar\u00e1 efici\u00eancia e modernidade para suas tarefas culin\u00e1rias. Ideal para m\u00e3es que adoram praticidade!<\/span><\/p>\t\t\t\t\t\t\t\t<\/div>\n\t\t\t\t<div class=\"elementor-element elementor-element-becea11 elementor-align-center elementor-button-warning elementor-widget elementor-widget-button\" data-id=\"becea11\" data-element_type=\"widget\" data-e-type=\"widget\" data-widget_type=\"button.default\">\n\t\t\t\t\t\t\t\t\t\t<a class=\"elementor-button elementor-button-link elementor-size-sm\" href=\"https:\/\/amzn.to\/3xIIFW1\" target=\"_blank\" rel=\"nofollow noopener\">\n\t\t\t\t\t\t<span class=\"elementor-button-content-wrapper\">\n\t\t\t\t\t\t\t\t\t<span class=\"elementor-button-text\">Saiba Mais...<\/span>\n\t\t\t\t\t<\/span>\n\t\t\t\t\t<\/a>\n\t\t\t\t\t\t\t\t<\/div>\n\t\t\t\t<\/div>\n\t\t\t\t\t<\/div>\n\t\t\t\t<\/div>\n\t\t<div class=\"elementor-element elementor-element-ad9c17b e-flex e-con-boxed e-con e-parent\" data-id=\"ad9c17b\" data-element_type=\"container\" data-e-type=\"container\">\n\t\t\t\t\t<div class=\"e-con-inner\">\n\t\t\t\t<div class=\"elementor-element elementor-element-b279379 elementor-widget elementor-widget-text-editor\" data-id=\"b279379\" data-element_type=\"widget\" data-e-type=\"widget\" data-widget_type=\"text-editor.default\">\n\t\t\t\t\t\t\t\t\t<p><span style=\"font-size: 16px;\"><strong>3. <a href=\"http:\/\/culinariasemlactose.com\/curiosidades\/melhores-panelas-tramontina\/\" data-superlinks140684vt908f2723b=\"45\" class=\"spl-automatic-Link\" data-spl=\"45\">Panelas<\/a> de Ferro Fundido<\/strong><\/span><\/p><p><span style=\"font-size: 16px;\"><strong>Dur\u00e1veis e vers\u00e1teis<\/strong>, panelas de ferro fundido s\u00e3o o sonho de uma m\u00e3e que cozinha se tornando realidade. Elas a ajudar\u00e3o a criar pratos que se destacam, das omeletes perfeitamente fritas aos cozidos lentos que definem conforto em um prato. Al\u00e9m disso, s\u00e3o <strong>itens que duram uma vida<\/strong>, simbolizando seu amor eterno por ela.<\/span><\/p>\t\t\t\t\t\t\t\t<\/div>\n\t\t\t\t\t<\/div>\n\t\t\t\t<\/div>\n\t\t<div class=\"elementor-element elementor-element-be004bd e-flex e-con-boxed e-con e-parent\" data-id=\"be004bd\" data-element_type=\"container\" data-e-type=\"container\">\n\t\t\t\t\t<div class=\"e-con-inner\">\n\t\t<div class=\"elementor-element elementor-element-6703eea e-con-full e-flex e-con e-child\" data-id=\"6703eea\" data-element_type=\"container\" data-e-type=\"container\">\n\t\t\t\t<div class=\"elementor-element elementor-element-4f4a1f2 elementor-widget elementor-widget-image\" data-id=\"4f4a1f2\" data-element_type=\"widget\" data-e-type=\"widget\" data-widget_type=\"image.default\">\n\t\t\t\t\t\t\t\t\t\t\t\t\t\t\t\t<a href=\"https:\/\/amzn.to\/3xIQkUf\" target=\"_blank\" rel=\"nofollow noopener\">\n\t\t\t\t\t\t\t<img decoding=\"async\" width=\"200\" height=\"250\" src=\"https:\/\/culinariasemlactose.com\/curiosidades\/wp-content\/smush-avif\/2024\/04\/Panela-de-ferro-para-dia-das-maes.jpg.avif\" class=\"attachment-large size-large wp-image-1708\" alt=\"\" srcset=\"https:\/\/culinariasemlactose.com\/curiosidades\/wp-content\/smush-avif\/2024\/04\/Panela-de-ferro-para-dia-das-maes.jpg.avif 200w, https:\/\/culinariasemlactose.com\/curiosidades\/wp-content\/smush-avif\/2024\/04\/Panela-de-ferro-para-dia-das-maes-150x188.jpg.avif 150w\" sizes=\"(max-width: 200px) 100vw, 200px\" data-smush-avif-fallback=\"{&quot;src&quot;:&quot;https:\\\/\\\/culinariasemlactose.com\\\/curiosidades\\\/wp-content\\\/uploads\\\/2024\\\/04\\\/Panela-de-ferro-para-dia-das-maes.jpg&quot;,&quot;srcset&quot;:&quot;https:\\\/\\\/culinariasemlactose.com\\\/curiosidades\\\/wp-content\\\/uploads\\\/2024\\\/04\\\/Panela-de-ferro-para-dia-das-maes.jpg 200w, https:\\\/\\\/culinariasemlactose.com\\\/curiosidades\\\/wp-content\\\/uploads\\\/2024\\\/04\\\/Panela-de-ferro-para-dia-das-maes-150x188.jpg 150w&quot;}\" \/>\t\t\t\t\t\t\t\t<\/a>\n\t\t\t\t\t\t\t\t\t\t\t\t\t\t\t<\/div>\n\t\t\t\t<\/div>\n\t\t<div class=\"elementor-element elementor-element-14b1827 e-con-full e-flex e-con e-child\" data-id=\"14b1827\" data-element_type=\"container\" data-e-type=\"container\">\n\t\t\t\t<div class=\"elementor-element elementor-element-1fa65a8 elementor-widget elementor-widget-text-editor\" data-id=\"1fa65a8\" data-element_type=\"widget\" data-e-type=\"widget\" data-widget_type=\"text-editor.default\">\n\t\t\t\t\t\t\t\t\t<p><span style=\"font-size: 16px;\">Encante sua m\u00e3e com a Ca\u00e7arola de Ferro Fundido Oval Santana, com al\u00e7a e tampa de ferro. Com capacidade de 4 litros, \u00e9 perfeita para preparar deliciosas refei\u00e7\u00f5es com o tradicional sabor caseiro. Um presente que une qualidade, durabilidade e tradi\u00e7\u00e3o na cozinha, ideal para m\u00e3es apaixonadas por culin\u00e1ria!<\/span><\/p>\t\t\t\t\t\t\t\t<\/div>\n\t\t\t\t<div class=\"elementor-element elementor-element-40e3c49 elementor-align-center elementor-button-warning elementor-widget elementor-widget-button\" data-id=\"40e3c49\" data-element_type=\"widget\" data-e-type=\"widget\" data-widget_type=\"button.default\">\n\t\t\t\t\t\t\t\t\t\t<a class=\"elementor-button elementor-button-link elementor-size-sm\" href=\"https:\/\/amzn.to\/3xIQkUf\" target=\"_blank\" rel=\"nofollow noopener\">\n\t\t\t\t\t\t<span class=\"elementor-button-content-wrapper\">\n\t\t\t\t\t\t\t\t\t<span class=\"elementor-button-text\">Saiba Mais...<\/span>\n\t\t\t\t\t<\/span>\n\t\t\t\t\t<\/a>\n\t\t\t\t\t\t\t\t<\/div>\n\t\t\t\t<\/div>\n\t\t\t\t\t<\/div>\n\t\t\t\t<\/div>\n\t\t<div class=\"elementor-element elementor-element-64b5f4e e-flex e-con-boxed e-con e-parent\" data-id=\"64b5f4e\" data-element_type=\"container\" data-e-type=\"container\">\n\t\t\t\t\t<div class=\"e-con-inner\">\n\t\t\t\t<div class=\"elementor-element elementor-element-eaca647 elementor-widget elementor-widget-text-editor\" data-id=\"eaca647\" data-element_type=\"widget\" data-e-type=\"widget\" data-widget_type=\"text-editor.default\">\n\t\t\t\t\t\t\t\t\t<p><span style=\"font-size: 16px;\"><strong>4. Curso de Culin\u00e1ria com um Chef Renomado<\/strong><\/span><\/p><p><span style=\"font-size: 16px;\">O <strong>conhecimento<\/strong> \u00e9 um presente que nunca para de dar. Um <strong>curso de culin\u00e1ria<\/strong> pode ser uma experi\u00eancia maravilhosa e um investimento no hobby culin\u00e1rio de sua m\u00e3e. \u00c9 uma forma de incentivar a aprendizagem e a paix\u00e3o dela pela cozinha, abrindo portas para<strong> novas t\u00e9cnicas e sabores<\/strong> que ela adorar\u00e1 explorar.<\/span><\/p>\t\t\t\t\t\t\t\t<\/div>\n\t\t\t\t\t<\/div>\n\t\t\t\t<\/div>\n\t\t<div class=\"elementor-element elementor-element-341702a e-flex e-con-boxed e-con e-parent\" data-id=\"341702a\" data-element_type=\"container\" data-e-type=\"container\">\n\t\t\t\t\t<div class=\"e-con-inner\">\n\t\t\t\t<div class=\"elementor-element elementor-element-46a936a elementor-widget elementor-widget-text-editor\" data-id=\"46a936a\" data-element_type=\"widget\" data-e-type=\"widget\" data-widget_type=\"text-editor.default\">\n\t\t\t\t\t\t\t\t\t<p><span style=\"font-size: 16px;\"><strong>5. Livros de Receitas por Chefs Famosos<\/strong><\/span><\/p><p><span style=\"font-size: 16px;\">Se sua m\u00e3e tem um chef favorito, um<strong> livro de receitas feito pelo seu Chefs favorito <\/strong>\u00a0pode ser um tesouro. Isso mostra que voc\u00ea entende os gostos dela e est\u00e1 disposto a procurar algo que a deixar\u00e1 verdadeiramente emocionada e inspirada.<\/span><\/p>\t\t\t\t\t\t\t\t<\/div>\n\t\t\t\t\t<\/div>\n\t\t\t\t<\/div>\n\t\t<div class=\"elementor-element elementor-element-ec16053 e-flex e-con-boxed e-con e-parent\" data-id=\"ec16053\" data-element_type=\"container\" data-e-type=\"container\">\n\t\t\t\t\t<div class=\"e-con-inner\">\n\t\t<div class=\"elementor-element elementor-element-402e8e1 e-con-full e-flex e-con e-child\" data-id=\"402e8e1\" data-element_type=\"container\" data-e-type=\"container\">\n\t\t\t\t<div class=\"elementor-element elementor-element-c78c64b elementor-widget elementor-widget-image\" data-id=\"c78c64b\" data-element_type=\"widget\" data-e-type=\"widget\" data-widget_type=\"image.default\">\n\t\t\t\t\t\t\t\t\t\t\t\t\t\t\t\t<a href=\"https:\/\/amzn.to\/49H5HtA\" target=\"_blank\" rel=\"nofollow noopener\">\n\t\t\t\t\t\t\t<img loading=\"lazy\" decoding=\"async\" width=\"200\" height=\"250\" src=\"https:\/\/culinariasemlactose.com\/curiosidades\/wp-content\/smush-avif\/2024\/04\/Livro-comida-de-verdade-para-dia-das-maes.jpg.avif\" class=\"attachment-large size-large wp-image-1713\" alt=\"\" srcset=\"https:\/\/culinariasemlactose.com\/curiosidades\/wp-content\/smush-avif\/2024\/04\/Livro-comida-de-verdade-para-dia-das-maes.jpg.avif 200w, https:\/\/culinariasemlactose.com\/curiosidades\/wp-content\/smush-avif\/2024\/04\/Livro-comida-de-verdade-para-dia-das-maes-150x188.jpg.avif 150w\" sizes=\"(max-width: 200px) 100vw, 200px\" data-smush-avif-fallback=\"{&quot;src&quot;:&quot;https:\\\/\\\/culinariasemlactose.com\\\/curiosidades\\\/wp-content\\\/uploads\\\/2024\\\/04\\\/Livro-comida-de-verdade-para-dia-das-maes.jpg&quot;,&quot;srcset&quot;:&quot;https:\\\/\\\/culinariasemlactose.com\\\/curiosidades\\\/wp-content\\\/uploads\\\/2024\\\/04\\\/Livro-comida-de-verdade-para-dia-das-maes.jpg 200w, https:\\\/\\\/culinariasemlactose.com\\\/curiosidades\\\/wp-content\\\/uploads\\\/2024\\\/04\\\/Livro-comida-de-verdade-para-dia-das-maes-150x188.jpg 150w&quot;}\" \/>\t\t\t\t\t\t\t\t<\/a>\n\t\t\t\t\t\t\t\t\t\t\t\t\t\t\t<\/div>\n\t\t\t\t<\/div>\n\t\t<div class=\"elementor-element elementor-element-4e56779 e-con-full e-flex e-con e-child\" data-id=\"4e56779\" data-element_type=\"container\" data-e-type=\"container\">\n\t\t\t\t<div class=\"elementor-element elementor-element-83c6e01 elementor-widget elementor-widget-text-editor\" data-id=\"83c6e01\" data-element_type=\"widget\" data-e-type=\"widget\" data-widget_type=\"text-editor.default\">\n\t\t\t\t\t\t\t\t\t<p><span style=\"font-size: 16px;\">&#8220;<strong>Comida de Verdade<\/strong>&#8221; \u00e9 o presente ideal para m\u00e3es que amam cozinhar. Repleto de receitas que celebram ingredientes frescos e sabores aut\u00eanticos, este livro inspirar\u00e1 sua m\u00e3e a criar pratos saud\u00e1veis e vibrantes. \u00c9 uma celebra\u00e7\u00e3o de amor pela comida caseira e pelo bem-estar na cozinha.<\/span><\/p>\t\t\t\t\t\t\t\t<\/div>\n\t\t\t\t<div class=\"elementor-element elementor-element-1a0bdfa elementor-align-center elementor-button-warning elementor-widget elementor-widget-button\" data-id=\"1a0bdfa\" data-element_type=\"widget\" data-e-type=\"widget\" data-widget_type=\"button.default\">\n\t\t\t\t\t\t\t\t\t\t<a class=\"elementor-button elementor-button-link elementor-size-sm\" href=\"https:\/\/amzn.to\/49H5HtA\" target=\"_blank\" rel=\"nofollow noopener\">\n\t\t\t\t\t\t<span class=\"elementor-button-content-wrapper\">\n\t\t\t\t\t\t\t\t\t<span class=\"elementor-button-text\">Saiba Mais...<\/span>\n\t\t\t\t\t<\/span>\n\t\t\t\t\t<\/a>\n\t\t\t\t\t\t\t\t<\/div>\n\t\t\t\t<\/div>\n\t\t\t\t\t<\/div>\n\t\t\t\t<\/div>\n\t\t<div class=\"elementor-element elementor-element-5a1d376 e-flex e-con-boxed e-con e-parent\" data-id=\"5a1d376\" data-element_type=\"container\" data-e-type=\"container\">\n\t\t\t\t\t<div class=\"e-con-inner\">\n\t\t\t\t<div class=\"elementor-element elementor-element-cd4fa3a elementor-widget elementor-widget-text-editor\" data-id=\"cd4fa3a\" data-element_type=\"widget\" data-e-type=\"widget\" data-widget_type=\"text-editor.default\">\n\t\t\t\t\t\t\t\t\t<p><span style=\"font-size: 16px;\"><strong>6. Assinatura de Uma Box de Ingredientes Gourmet<\/strong><\/span><\/p><p><span style=\"font-size: 16px;\">Presentear sua m\u00e3e com uma assinatura mensal de uma <strong>box de ingredientes gourmet<\/strong> \u00e9 como trazer o mundo para a cozinha dela &#8211; desde trufas italianas at\u00e9 especiarias ex\u00f3ticas. \u00c9 um presente que celebra a alegria de cozinhar e experimentar novos sabores.<\/span><\/p>\t\t\t\t\t\t\t\t<\/div>\n\t\t\t\t\t<\/div>\n\t\t\t\t<\/div>\n\t\t\t\t<section class=\"elementor-section elementor-top-section elementor-element elementor-element-6415b57 elementor-section-boxed elementor-section-height-default elementor-section-height-default\" data-id=\"6415b57\" data-element_type=\"section\" data-e-type=\"section\">\n\t\t\t\t\t\t<div class=\"elementor-container elementor-column-gap-default\">\n\t\t\t\t\t<div class=\"elementor-column elementor-col-100 elementor-top-column elementor-element elementor-element-6e33f04\" data-id=\"6e33f04\" data-element_type=\"column\" data-e-type=\"column\">\n\t\t\t<div class=\"elementor-widget-wrap elementor-element-populated\">\n\t\t\t\t\t\t<div class=\"elementor-element elementor-element-0de3d60 elementor-widget elementor-widget-html\" data-id=\"0de3d60\" data-element_type=\"widget\" data-e-type=\"widget\" data-widget_type=\"html.default\">\n\t\t\t\t\t<script async src=\"https:\/\/pagead2.googlesyndication.com\/pagead\/js\/adsbygoogle.js?client=ca-pub-3459676390679786\"\n     crossorigin=\"anonymous\"><\/script>\n<ins class=\"adsbygoogle\"\n     style=\"display:block\"\n     data-ad-format=\"fluid\"\n     data-ad-layout-key=\"-fb+5u+4n-dg+7q\"\n     data-ad-client=\"ca-pub-3459676390679786\"\n     data-ad-slot=\"1443206194\"><\/ins>\n<script>\n     (adsbygoogle = window.adsbygoogle || []).push({});\n<\/script>\t\t\t\t<\/div>\n\t\t\t\t\t<\/div>\n\t\t<\/div>\n\t\t\t\t\t<\/div>\n\t\t<\/section>\n\t\t<div class=\"elementor-element elementor-element-4258493 e-flex e-con-boxed e-con e-parent\" data-id=\"4258493\" data-element_type=\"container\" data-e-type=\"container\">\n\t\t\t\t\t<div class=\"e-con-inner\">\n\t\t\t\t<div class=\"elementor-element elementor-element-8d157f9 elementor-widget elementor-widget-text-editor\" data-id=\"8d157f9\" data-element_type=\"widget\" data-e-type=\"widget\" data-widget_type=\"text-editor.default\">\n\t\t\t\t\t\t\t\t\t<p><span style=\"font-size: 16px;\"><strong>7. <a href=\"http:\/\/culinariasemlactose.com\/curiosidades\/c\/dicas-de-jardim\/\" data-superlinks140684vt908f2723b=\"56\" class=\"spl-automatic-Link\" data-spl=\"56\">Jardim<\/a> de Ervas para o Parapeito da Janela<\/strong><\/span><\/p><p><span style=\"font-size: 16px;\">Para a m\u00e3e que valoriza a frescura e o sabor elevado que apenas ervas frescas podem proporcionar, um jardim de ervas dom\u00e9sticas \u00e9 um presente encantador e pr\u00e1tico. N\u00e3o apenas \u00e9 esteticamente agrad\u00e1vel, mas tamb\u00e9m utilit\u00e1rio, permitindo que ela colha o que precisa enquanto prepara as refei\u00e7\u00f5es da fam\u00edlia.<\/span><\/p>\t\t\t\t\t\t\t\t<\/div>\n\t\t\t\t\t<\/div>\n\t\t\t\t<\/div>\n\t\t<div class=\"elementor-element elementor-element-1e2a236 e-flex e-con-boxed e-con e-parent\" data-id=\"1e2a236\" data-element_type=\"container\" data-e-type=\"container\">\n\t\t\t\t\t<div class=\"e-con-inner\">\n\t\t<div class=\"elementor-element elementor-element-0e5296c e-con-full e-flex e-con e-child\" data-id=\"0e5296c\" data-element_type=\"container\" data-e-type=\"container\">\n\t\t\t\t<div class=\"elementor-element elementor-element-363cce4 elementor-widget elementor-widget-image\" data-id=\"363cce4\" data-element_type=\"widget\" data-e-type=\"widget\" data-widget_type=\"image.default\">\n\t\t\t\t\t\t\t\t\t\t\t\t\t\t\t\t<a href=\"https:\/\/shope.ee\/3L4E3rbJtR\" target=\"_blank\" rel=\"nofollow noopener\">\n\t\t\t\t\t\t\t<img loading=\"lazy\" decoding=\"async\" width=\"200\" height=\"250\" src=\"https:\/\/culinariasemlactose.com\/curiosidades\/wp-content\/smush-avif\/2024\/04\/Jardineira-de-janela-para-dia-das-maes.jpg.avif\" class=\"attachment-large size-large wp-image-1721\" alt=\"\" srcset=\"https:\/\/culinariasemlactose.com\/curiosidades\/wp-content\/smush-avif\/2024\/04\/Jardineira-de-janela-para-dia-das-maes.jpg.avif 200w, https:\/\/culinariasemlactose.com\/curiosidades\/wp-content\/smush-avif\/2024\/04\/Jardineira-de-janela-para-dia-das-maes-150x188.jpg.avif 150w\" sizes=\"(max-width: 200px) 100vw, 200px\" data-smush-avif-fallback=\"{&quot;src&quot;:&quot;https:\\\/\\\/culinariasemlactose.com\\\/curiosidades\\\/wp-content\\\/uploads\\\/2024\\\/04\\\/Jardineira-de-janela-para-dia-das-maes.jpg&quot;,&quot;srcset&quot;:&quot;https:\\\/\\\/culinariasemlactose.com\\\/curiosidades\\\/wp-content\\\/uploads\\\/2024\\\/04\\\/Jardineira-de-janela-para-dia-das-maes.jpg 200w, https:\\\/\\\/culinariasemlactose.com\\\/curiosidades\\\/wp-content\\\/uploads\\\/2024\\\/04\\\/Jardineira-de-janela-para-dia-das-maes-150x188.jpg 150w&quot;}\" \/>\t\t\t\t\t\t\t\t<\/a>\n\t\t\t\t\t\t\t\t\t\t\t\t\t\t\t<\/div>\n\t\t\t\t<\/div>\n\t\t<div class=\"elementor-element elementor-element-3e91020 e-con-full e-flex e-con e-child\" data-id=\"3e91020\" data-element_type=\"container\" data-e-type=\"container\">\n\t\t\t\t<div class=\"elementor-element elementor-element-9736db3 elementor-widget elementor-widget-text-editor\" data-id=\"9736db3\" data-element_type=\"widget\" data-e-type=\"widget\" data-widget_type=\"text-editor.default\">\n\t\t\t\t\t\t\t\t\t<p><span style=\"font-size: 16px;\">Este<strong> Kit Jardineira de Sacada<\/strong> \u00e9 o presente perfeito para sua m\u00e3e que ama <strong>jardinagem e decora\u00e7\u00e3o<\/strong>. Com design elegante, o vaso robusto e o suporte de ferro preto s\u00e3o ideais para cultivar plantas e flores, adicionando um charme especial \u00e0 varanda ou sacada. Um toque de natureza e amor!<\/span><\/p>\t\t\t\t\t\t\t\t<\/div>\n\t\t\t\t<div class=\"elementor-element elementor-element-abd1b20 elementor-align-center elementor-button-warning elementor-widget elementor-widget-button\" data-id=\"abd1b20\" data-element_type=\"widget\" data-e-type=\"widget\" data-widget_type=\"button.default\">\n\t\t\t\t\t\t\t\t\t\t<a class=\"elementor-button elementor-button-link elementor-size-sm\" href=\"https:\/\/shope.ee\/3L4E3rbJtR\" target=\"_blank\" rel=\"nofollow noopener\">\n\t\t\t\t\t\t<span class=\"elementor-button-content-wrapper\">\n\t\t\t\t\t\t\t\t\t<span class=\"elementor-button-text\">Saiba Mais...<\/span>\n\t\t\t\t\t<\/span>\n\t\t\t\t\t<\/a>\n\t\t\t\t\t\t\t\t<\/div>\n\t\t\t\t<\/div>\n\t\t\t\t\t<\/div>\n\t\t\t\t<\/div>\n\t\t<div class=\"elementor-element elementor-element-417d0d6 e-flex e-con-boxed e-con e-parent\" data-id=\"417d0d6\" data-element_type=\"container\" data-e-type=\"container\">\n\t\t\t\t\t<div class=\"e-con-inner\">\n\t\t\t\t<div class=\"elementor-element elementor-element-ca0dc16 elementor-widget elementor-widget-text-editor\" data-id=\"ca0dc16\" data-element_type=\"widget\" data-e-type=\"widget\" data-widget_type=\"text-editor.default\">\n\t\t\t\t\t\t\t\t\t<p><span style=\"font-size: 16px;\"><strong>8. M\u00e1quina de Fazer <a href=\"https:\/\/culinariasemlactose.com\/categoria\/pao-sem-lactose\/\" data-superlinks140684vt908f2723b=\"99\" class=\"spl-automatic-Link\" data-spl=\"99\">P\u00e3o<\/a> Autom\u00e1tica<\/strong><\/span><\/p><p><span style=\"font-size: 16px;\">\u00a0Uma<strong> m\u00e1quina de fazer p\u00e3o autom\u00e1tica<\/strong> \u00e9 um presente maravilhoso para as m\u00e3es que gostam de experimentar diferentes tipos de p\u00e3es, desde os tradicionais at\u00e9 os mais elaborados. Al\u00e9m de facilitar o processo de prepara\u00e7\u00e3o, proporciona p\u00e3es frescos e deliciosos em casa.<\/span><\/p>\t\t\t\t\t\t\t\t<\/div>\n\t\t\t\t\t<\/div>\n\t\t\t\t<\/div>\n\t\t<div class=\"elementor-element elementor-element-ae38a2b e-flex e-con-boxed e-con e-parent\" data-id=\"ae38a2b\" data-element_type=\"container\" data-e-type=\"container\">\n\t\t\t\t\t<div class=\"e-con-inner\">\n\t\t<div class=\"elementor-element elementor-element-21b7d9b e-con-full e-flex e-con e-child\" data-id=\"21b7d9b\" data-element_type=\"container\" data-e-type=\"container\">\n\t\t\t\t<div class=\"elementor-element elementor-element-4e24cf8 elementor-widget elementor-widget-image\" data-id=\"4e24cf8\" data-element_type=\"widget\" data-e-type=\"widget\" data-widget_type=\"image.default\">\n\t\t\t\t\t\t\t\t\t\t\t\t\t\t\t\t<a href=\"https:\/\/amzn.to\/3Q8Ts1Z\" target=\"_blank\" rel=\"nofollow noopener\">\n\t\t\t\t\t\t\t<img loading=\"lazy\" decoding=\"async\" width=\"200\" height=\"250\" src=\"https:\/\/culinariasemlactose.com\/curiosidades\/wp-content\/smush-avif\/2024\/04\/Maquina-de-pao-para-dia-das-maes.jpg.avif\" class=\"attachment-large size-large wp-image-1726\" alt=\"\" srcset=\"https:\/\/culinariasemlactose.com\/curiosidades\/wp-content\/smush-avif\/2024\/04\/Maquina-de-pao-para-dia-das-maes.jpg.avif 200w, https:\/\/culinariasemlactose.com\/curiosidades\/wp-content\/smush-avif\/2024\/04\/Maquina-de-pao-para-dia-das-maes-150x188.jpg.avif 150w\" sizes=\"(max-width: 200px) 100vw, 200px\" data-smush-avif-fallback=\"{&quot;src&quot;:&quot;https:\\\/\\\/culinariasemlactose.com\\\/curiosidades\\\/wp-content\\\/uploads\\\/2024\\\/04\\\/Maquina-de-pao-para-dia-das-maes.jpg&quot;,&quot;srcset&quot;:&quot;https:\\\/\\\/culinariasemlactose.com\\\/curiosidades\\\/wp-content\\\/uploads\\\/2024\\\/04\\\/Maquina-de-pao-para-dia-das-maes.jpg 200w, https:\\\/\\\/culinariasemlactose.com\\\/curiosidades\\\/wp-content\\\/uploads\\\/2024\\\/04\\\/Maquina-de-pao-para-dia-das-maes-150x188.jpg 150w&quot;}\" \/>\t\t\t\t\t\t\t\t<\/a>\n\t\t\t\t\t\t\t\t\t\t\t\t\t\t\t<\/div>\n\t\t\t\t<\/div>\n\t\t<div class=\"elementor-element elementor-element-0d8ce2c e-con-full e-flex e-con e-child\" data-id=\"0d8ce2c\" data-element_type=\"container\" data-e-type=\"container\">\n\t\t\t\t<div class=\"elementor-element elementor-element-117f44a elementor-widget elementor-widget-text-editor\" data-id=\"117f44a\" data-element_type=\"widget\" data-e-type=\"widget\" data-widget_type=\"text-editor.default\">\n\t\t\t\t\t\t\t\t\t<p><span style=\"font-size: 16px;\">Surpreenda sua m\u00e3e com a Panificadora Multipane Brit\u00e2nia. Perfeita para quem ama p\u00e3es caseiros; \u00e9 pr\u00e1tica, potente e de f\u00e1cil manuseio. Ela poder\u00e1 criar p\u00e3es frescos e saborosos todos os dias, sem esfor\u00e7o. Al\u00e9m disso, torna qualquer cozinha mais moderna. \u00c9 carinho em forma de p\u00e3o quentinho!<\/span><\/p>\t\t\t\t\t\t\t\t<\/div>\n\t\t\t\t<div class=\"elementor-element elementor-element-5006cc9 elementor-align-center elementor-button-warning elementor-widget elementor-widget-button\" data-id=\"5006cc9\" data-element_type=\"widget\" data-e-type=\"widget\" data-widget_type=\"button.default\">\n\t\t\t\t\t\t\t\t\t\t<a class=\"elementor-button elementor-button-link elementor-size-sm\" href=\"https:\/\/amzn.to\/3Q8Ts1Z\" target=\"_blank\" rel=\"nofollow noopener\">\n\t\t\t\t\t\t<span class=\"elementor-button-content-wrapper\">\n\t\t\t\t\t\t\t\t\t<span class=\"elementor-button-text\">Saiba Mais...<\/span>\n\t\t\t\t\t<\/span>\n\t\t\t\t\t<\/a>\n\t\t\t\t\t\t\t\t<\/div>\n\t\t\t\t<\/div>\n\t\t\t\t\t<\/div>\n\t\t\t\t<\/div>\n\t\t<div class=\"elementor-element elementor-element-9aa2bc1 e-flex e-con-boxed e-con e-parent\" data-id=\"9aa2bc1\" data-element_type=\"container\" data-e-type=\"container\">\n\t\t\t\t\t<div class=\"e-con-inner\">\n\t\t\t\t<div class=\"elementor-element elementor-element-5f66b00 elementor-widget elementor-widget-text-editor\" data-id=\"5f66b00\" data-element_type=\"widget\" data-e-type=\"widget\" data-widget_type=\"text-editor.default\">\n\t\t\t\t\t\t\t\t\t<p><span style=\"font-size: 16px;\"><strong>9. Conjunto de Recipientes de Armazenamento de Alimentos<\/strong><\/span><\/p><p><span style=\"font-size: 16px;\">Um <strong>conjunto de recipientes<\/strong> de armazenamento de alimentos de qualidade \u00e9 essencial para manter a cozinha organizada e os ingredientes frescos por mais tempo. Essa op\u00e7\u00e3o \u00e9 pr\u00e1tica e \u00fatil para m\u00e3es que gostam de manter tudo em ordem durante o preparo das refei\u00e7\u00f5es.<\/span><\/p>\t\t\t\t\t\t\t\t<\/div>\n\t\t\t\t\t<\/div>\n\t\t\t\t<\/div>\n\t\t<div class=\"elementor-element elementor-element-371087f e-flex e-con-boxed e-con e-parent\" data-id=\"371087f\" data-element_type=\"container\" data-e-type=\"container\">\n\t\t\t\t\t<div class=\"e-con-inner\">\n\t\t<div class=\"elementor-element elementor-element-0a72e3f e-con-full e-flex e-con e-child\" data-id=\"0a72e3f\" data-element_type=\"container\" data-e-type=\"container\">\n\t\t\t\t<div class=\"elementor-element elementor-element-7bf11e8 elementor-widget elementor-widget-image\" data-id=\"7bf11e8\" data-element_type=\"widget\" data-e-type=\"widget\" data-widget_type=\"image.default\">\n\t\t\t\t\t\t\t\t\t\t\t\t\t\t\t\t<a href=\"https:\/\/shope.ee\/2q7xUWLUuc\" target=\"_blank\" rel=\"nofollow noopener\">\n\t\t\t\t\t\t\t<img loading=\"lazy\" decoding=\"async\" width=\"200\" height=\"250\" src=\"https:\/\/culinariasemlactose.com\/curiosidades\/wp-content\/smush-avif\/2024\/04\/Potes-de-vidro-para-dia-das-maes.jpg.avif\" class=\"attachment-large size-large wp-image-1731\" alt=\"\" srcset=\"https:\/\/culinariasemlactose.com\/curiosidades\/wp-content\/smush-avif\/2024\/04\/Potes-de-vidro-para-dia-das-maes.jpg.avif 200w, https:\/\/culinariasemlactose.com\/curiosidades\/wp-content\/smush-avif\/2024\/04\/Potes-de-vidro-para-dia-das-maes-150x188.jpg.avif 150w\" sizes=\"(max-width: 200px) 100vw, 200px\" data-smush-avif-fallback=\"{&quot;src&quot;:&quot;https:\\\/\\\/culinariasemlactose.com\\\/curiosidades\\\/wp-content\\\/uploads\\\/2024\\\/04\\\/Potes-de-vidro-para-dia-das-maes.jpg&quot;,&quot;srcset&quot;:&quot;https:\\\/\\\/culinariasemlactose.com\\\/curiosidades\\\/wp-content\\\/uploads\\\/2024\\\/04\\\/Potes-de-vidro-para-dia-das-maes.jpg 200w, https:\\\/\\\/culinariasemlactose.com\\\/curiosidades\\\/wp-content\\\/uploads\\\/2024\\\/04\\\/Potes-de-vidro-para-dia-das-maes-150x188.jpg 150w&quot;}\" \/>\t\t\t\t\t\t\t\t<\/a>\n\t\t\t\t\t\t\t\t\t\t\t\t\t\t\t<\/div>\n\t\t\t\t<\/div>\n\t\t<div class=\"elementor-element elementor-element-03e1e0e e-con-full e-flex e-con e-child\" data-id=\"03e1e0e\" data-element_type=\"container\" data-e-type=\"container\">\n\t\t\t\t<div class=\"elementor-element elementor-element-d155675 elementor-widget elementor-widget-text-editor\" data-id=\"d155675\" data-element_type=\"widget\" data-e-type=\"widget\" data-widget_type=\"text-editor.default\">\n\t\t\t\t\t\t\t\t\t<p><span style=\"font-size: 16px;\">Surpreenda sua m\u00e3e com o Kit Cantinho do Caf\u00e9. Com 3 potes de vidro com tampa rolha e adesivos personalizados, \u00e9 ideal para organizar e decorar o cantinho do caf\u00e9. Perfeito para armazenar caf\u00e9, <a href=\"http:\/\/culinariasemlactose.com\/curiosidades\/quais-sao-as-frutas-que-aumenta-os-niveis-de-acucar\/\" data-superlinks140684vt908f2723b=\"40\" class=\"spl-automatic-Link\" data-spl=\"40\">a\u00e7\u00facar<\/a> e <a href=\"https:\/\/culinariasemlactose.com\/categoria\/biscoitos-sem-lactose\/\" data-superlinks140684vt908f2723b=\"90\" class=\"spl-automatic-Link\" data-spl=\"90\">biscoitos<\/a>, trazendo charme e praticidade \u00e0 rotina dela. Um presente cheio de carinho e eleg\u00e2ncia.<\/span><\/p>\t\t\t\t\t\t\t\t<\/div>\n\t\t\t\t<div class=\"elementor-element elementor-element-fdd4f45 elementor-align-center elementor-button-warning elementor-widget elementor-widget-button\" data-id=\"fdd4f45\" data-element_type=\"widget\" data-e-type=\"widget\" data-widget_type=\"button.default\">\n\t\t\t\t\t\t\t\t\t\t<a class=\"elementor-button elementor-button-link elementor-size-sm\" href=\"https:\/\/shope.ee\/2q7xUWLUuc\" target=\"_blank\" rel=\"nofollow noopener\">\n\t\t\t\t\t\t<span class=\"elementor-button-content-wrapper\">\n\t\t\t\t\t\t\t\t\t<span class=\"elementor-button-text\">Saiba Mais...<\/span>\n\t\t\t\t\t<\/span>\n\t\t\t\t\t<\/a>\n\t\t\t\t\t\t\t\t<\/div>\n\t\t\t\t<\/div>\n\t\t\t\t\t<\/div>\n\t\t\t\t<\/div>\n\t\t<div class=\"elementor-element elementor-element-7497210 e-flex e-con-boxed e-con e-parent\" data-id=\"7497210\" data-element_type=\"container\" data-e-type=\"container\">\n\t\t\t\t\t<div class=\"e-con-inner\">\n\t\t\t\t<div class=\"elementor-element elementor-element-426d3e5 elementor-widget elementor-widget-text-editor\" data-id=\"426d3e5\" data-element_type=\"widget\" data-e-type=\"widget\" data-widget_type=\"text-editor.default\">\n\t\t\t\t\t\t\t\t\t<p><span style=\"font-size: 16px;\"><strong>10. Avental T\u00e9rmico<\/strong><\/span><\/p><p><span style=\"font-size: 16px;\">Um <strong>avental t\u00e9rmico<\/strong> \u00e9 um presente funcional e elegante para m\u00e3es que passam longos per\u00edodos na cozinha preparando pratos elaborados. Al\u00e9m de proteger a roupa, mant\u00e9m a temperatura corporal est\u00e1vel e oferece conforto durante o processo de coc\u00e7\u00e3o.<\/span><\/p>\t\t\t\t\t\t\t\t<\/div>\n\t\t\t\t\t<\/div>\n\t\t\t\t<\/div>\n\t\t<div class=\"elementor-element elementor-element-1660193 e-flex e-con-boxed e-con e-parent\" data-id=\"1660193\" data-element_type=\"container\" data-e-type=\"container\">\n\t\t\t\t\t<div class=\"e-con-inner\">\n\t\t<div class=\"elementor-element elementor-element-afe49c2 e-con-full e-flex e-con e-child\" data-id=\"afe49c2\" data-element_type=\"container\" data-e-type=\"container\">\n\t\t\t\t<div class=\"elementor-element elementor-element-81ecf47 elementor-widget elementor-widget-image\" data-id=\"81ecf47\" data-element_type=\"widget\" data-e-type=\"widget\" data-widget_type=\"image.default\">\n\t\t\t\t\t\t\t\t\t\t\t\t\t\t\t\t<a href=\"https:\/\/shope.ee\/4fZbhGfqbZ\" target=\"_blank\" rel=\"nofollow noopener\">\n\t\t\t\t\t\t\t<img loading=\"lazy\" decoding=\"async\" width=\"200\" height=\"250\" src=\"https:\/\/culinariasemlactose.com\/curiosidades\/wp-content\/smush-avif\/2024\/04\/Avental-termico-para-dia-das-maes.jpg.avif\" class=\"attachment-large size-large wp-image-1736\" alt=\"\" srcset=\"https:\/\/culinariasemlactose.com\/curiosidades\/wp-content\/smush-avif\/2024\/04\/Avental-termico-para-dia-das-maes.jpg.avif 200w, https:\/\/culinariasemlactose.com\/curiosidades\/wp-content\/smush-avif\/2024\/04\/Avental-termico-para-dia-das-maes-150x188.jpg.avif 150w\" sizes=\"(max-width: 200px) 100vw, 200px\" data-smush-avif-fallback=\"{&quot;src&quot;:&quot;https:\\\/\\\/culinariasemlactose.com\\\/curiosidades\\\/wp-content\\\/uploads\\\/2024\\\/04\\\/Avental-termico-para-dia-das-maes.jpg&quot;,&quot;srcset&quot;:&quot;https:\\\/\\\/culinariasemlactose.com\\\/curiosidades\\\/wp-content\\\/uploads\\\/2024\\\/04\\\/Avental-termico-para-dia-das-maes.jpg 200w, https:\\\/\\\/culinariasemlactose.com\\\/curiosidades\\\/wp-content\\\/uploads\\\/2024\\\/04\\\/Avental-termico-para-dia-das-maes-150x188.jpg 150w&quot;}\" \/>\t\t\t\t\t\t\t\t<\/a>\n\t\t\t\t\t\t\t\t\t\t\t\t\t\t\t<\/div>\n\t\t\t\t<\/div>\n\t\t<div class=\"elementor-element elementor-element-ab1dbd0 e-con-full e-flex e-con e-child\" data-id=\"ab1dbd0\" data-element_type=\"container\" data-e-type=\"container\">\n\t\t\t\t<div class=\"elementor-element elementor-element-017c0e5 elementor-widget elementor-widget-text-editor\" data-id=\"017c0e5\" data-element_type=\"widget\" data-e-type=\"widget\" data-widget_type=\"text-editor.default\">\n\t\t\t\t\t\t\t\t\t<p><span style=\"font-size: 16px;\">Presenteie sua m\u00e3e com o <strong>Avental de Cozinha T\u00e9rmico<\/strong> Chef Estampado. Al\u00e9m de ser unissex e imperme\u00e1vel, possui design elegante e funcional, ideal para proteger as roupas durante o preparo de deliciosas refei\u00e7\u00f5es. Com ele, ela ficar\u00e1 confort\u00e1vel, estilosa e sempre pronta para arrasar na cozinha. Um presente \u00fatil e cheio de estilo!<\/span><\/p>\t\t\t\t\t\t\t\t<\/div>\n\t\t\t\t<div class=\"elementor-element elementor-element-cb75acc elementor-align-center elementor-button-warning elementor-widget elementor-widget-button\" data-id=\"cb75acc\" data-element_type=\"widget\" data-e-type=\"widget\" data-widget_type=\"button.default\">\n\t\t\t\t\t\t\t\t\t\t<a class=\"elementor-button elementor-button-link elementor-size-sm\" href=\"https:\/\/shope.ee\/4fZbhGfqbZ\" target=\"_blank\" rel=\"nofollow noopener\">\n\t\t\t\t\t\t<span class=\"elementor-button-content-wrapper\">\n\t\t\t\t\t\t\t\t\t<span class=\"elementor-button-text\">Saiba Mais...<\/span>\n\t\t\t\t\t<\/span>\n\t\t\t\t\t<\/a>\n\t\t\t\t\t\t\t\t<\/div>\n\t\t\t\t<\/div>\n\t\t\t\t\t<\/div>\n\t\t\t\t<\/div>\n\t\t<div class=\"elementor-element elementor-element-5c87507 e-flex e-con-boxed e-con e-parent\" data-id=\"5c87507\" data-element_type=\"container\" data-e-type=\"container\">\n\t\t\t\t\t<div class=\"e-con-inner\">\n\t\t\t\t<div class=\"elementor-element elementor-element-3bbd820 elementor-widget elementor-widget-text-editor\" data-id=\"3bbd820\" data-element_type=\"widget\" data-e-type=\"widget\" data-widget_type=\"text-editor.default\">\n\t\t\t\t\t\t\t\t\t<p><span style=\"font-size: 16px;\"><strong>11. Livro de Receitas Personalizado<\/strong><\/span><\/p><p><span style=\"font-size: 16px;\">Um <strong>livro de receitas personalizado<\/strong> com as receitas favoritas da fam\u00edlia, dicas culin\u00e1rias e at\u00e9 espa\u00e7o para novas cria\u00e7\u00f5es \u00e9 um presente sentimental e pr\u00e1tico. \u00c9 uma maneira \u00fanica de registrar as tradi\u00e7\u00f5es culin\u00e1rias e compartilhar momentos especiais na cozinha.<\/span><\/p>\t\t\t\t\t\t\t\t<\/div>\n\t\t\t\t\t<\/div>\n\t\t\t\t<\/div>\n\t\t<div class=\"elementor-element elementor-element-df14c7e e-flex e-con-boxed e-con e-parent\" data-id=\"df14c7e\" data-element_type=\"container\" data-e-type=\"container\">\n\t\t\t\t\t<div class=\"e-con-inner\">\n\t\t<div class=\"elementor-element elementor-element-5153541 e-con-full e-flex e-con e-child\" data-id=\"5153541\" data-element_type=\"container\" data-e-type=\"container\">\n\t\t\t\t<div class=\"elementor-element elementor-element-6943afc elementor-widget elementor-widget-image\" data-id=\"6943afc\" data-element_type=\"widget\" data-e-type=\"widget\" data-widget_type=\"image.default\">\n\t\t\t\t\t\t\t\t\t\t\t\t\t\t\t\t<a href=\"https:\/\/shope.ee\/8ziarxgAH8\" target=\"_blank\" rel=\"nofollow noopener\">\n\t\t\t\t\t\t\t<img loading=\"lazy\" decoding=\"async\" width=\"200\" height=\"250\" src=\"https:\/\/culinariasemlactose.com\/curiosidades\/wp-content\/smush-avif\/2024\/04\/Caderno-de-receitas-para-dia-das-maes.jpg.avif\" class=\"attachment-large size-large wp-image-1737\" alt=\"\" srcset=\"https:\/\/culinariasemlactose.com\/curiosidades\/wp-content\/smush-avif\/2024\/04\/Caderno-de-receitas-para-dia-das-maes.jpg.avif 200w, https:\/\/culinariasemlactose.com\/curiosidades\/wp-content\/smush-avif\/2024\/04\/Caderno-de-receitas-para-dia-das-maes-150x188.jpg.avif 150w\" sizes=\"(max-width: 200px) 100vw, 200px\" data-smush-avif-fallback=\"{&quot;src&quot;:&quot;https:\\\/\\\/culinariasemlactose.com\\\/curiosidades\\\/wp-content\\\/uploads\\\/2024\\\/04\\\/Caderno-de-receitas-para-dia-das-maes.jpg&quot;,&quot;srcset&quot;:&quot;https:\\\/\\\/culinariasemlactose.com\\\/curiosidades\\\/wp-content\\\/uploads\\\/2024\\\/04\\\/Caderno-de-receitas-para-dia-das-maes.jpg 200w, https:\\\/\\\/culinariasemlactose.com\\\/curiosidades\\\/wp-content\\\/uploads\\\/2024\\\/04\\\/Caderno-de-receitas-para-dia-das-maes-150x188.jpg 150w&quot;}\" \/>\t\t\t\t\t\t\t\t<\/a>\n\t\t\t\t\t\t\t\t\t\t\t\t\t\t\t<\/div>\n\t\t\t\t<\/div>\n\t\t<div class=\"elementor-element elementor-element-9541635 e-con-full e-flex e-con e-child\" data-id=\"9541635\" data-element_type=\"container\" data-e-type=\"container\">\n\t\t\t\t<div class=\"elementor-element elementor-element-48bc0d6 elementor-widget elementor-widget-text-editor\" data-id=\"48bc0d6\" data-element_type=\"widget\" data-e-type=\"widget\" data-widget_type=\"text-editor.default\">\n\t\t\t\t\t\t\t\t\t<p><span style=\"font-size: 16px;\">O Caderno Personalizado de Receitas Floral Listras Rosa \u00e9 um presente encantador e \u00fatil. Com design delicado e espa\u00e7o para anotar todas as suas receitas favoritas, \u00e9 o companheiro ideal para guardar segredos culin\u00e1rios. Sua m\u00e3e vai adorar ter onde registrar tradi\u00e7\u00f5es e inspira\u00e7\u00f5es culin\u00e1rias com amor e organiza\u00e7\u00e3o.<\/span><\/p>\t\t\t\t\t\t\t\t<\/div>\n\t\t\t\t<div class=\"elementor-element elementor-element-2dc84de elementor-align-center elementor-button-warning elementor-widget elementor-widget-button\" data-id=\"2dc84de\" data-element_type=\"widget\" data-e-type=\"widget\" data-widget_type=\"button.default\">\n\t\t\t\t\t\t\t\t\t\t<a class=\"elementor-button elementor-button-link elementor-size-sm\" href=\"https:\/\/shope.ee\/8ziarxgAH8\" target=\"_blank\" rel=\"nofollow noopener\">\n\t\t\t\t\t\t<span class=\"elementor-button-content-wrapper\">\n\t\t\t\t\t\t\t\t\t<span class=\"elementor-button-text\">Saiba Mais...<\/span>\n\t\t\t\t\t<\/span>\n\t\t\t\t\t<\/a>\n\t\t\t\t\t\t\t\t<\/div>\n\t\t\t\t<\/div>\n\t\t\t\t\t<\/div>\n\t\t\t\t<\/div>\n\t\t<div class=\"elementor-element elementor-element-a7eef5c e-flex e-con-boxed e-con e-parent\" data-id=\"a7eef5c\" data-element_type=\"container\" data-e-type=\"container\">\n\t\t\t\t\t<div class=\"e-con-inner\">\n\t\t\t\t<div class=\"elementor-element elementor-element-ecfe714 elementor-widget elementor-widget-text-editor\" data-id=\"ecfe714\" data-element_type=\"widget\" data-e-type=\"widget\" data-widget_type=\"text-editor.default\">\n\t\t\t\t\t\t\t\t\t<p><span style=\"font-size: 16px;\"><strong>12. Kit de Temperos Gourmet<\/strong><\/span><\/p><p><span style=\"font-size: 16px;\">Um kit com uma sele\u00e7\u00e3o de <strong>temperos gourmet de alta qualidade<\/strong> \u00e9 um presente sofisticado e cheio de sabor para m\u00e3es que adoram explorar novos sabores e aromas em suas receitas. Esse presente ir\u00e1 adicionar um toque especial e \u00fanico \u00e0s cria\u00e7\u00f5es culin\u00e1rias dela.<\/span><\/p>\t\t\t\t\t\t\t\t<\/div>\n\t\t\t\t\t<\/div>\n\t\t\t\t<\/div>\n\t\t<div class=\"elementor-element elementor-element-a07b213 e-flex e-con-boxed e-con e-parent\" data-id=\"a07b213\" data-element_type=\"container\" data-e-type=\"container\">\n\t\t\t\t\t<div class=\"e-con-inner\">\n\t\t<div class=\"elementor-element elementor-element-2499313 e-con-full e-flex e-con e-child\" data-id=\"2499313\" data-element_type=\"container\" data-e-type=\"container\">\n\t\t\t\t<div class=\"elementor-element elementor-element-9166902 elementor-widget elementor-widget-image\" data-id=\"9166902\" data-element_type=\"widget\" data-e-type=\"widget\" data-widget_type=\"image.default\">\n\t\t\t\t\t\t\t\t\t\t\t\t\t\t\t\t<a href=\"https:\/\/shope.ee\/qMtA7Hdvl\" target=\"_blank\" rel=\"nofollow noopener\">\n\t\t\t\t\t\t\t<img loading=\"lazy\" decoding=\"async\" width=\"200\" height=\"250\" src=\"https:\/\/culinariasemlactose.com\/curiosidades\/wp-content\/smush-avif\/2024\/04\/Temperos-Gourmet-para-dia-das-maes.jpg.avif\" class=\"attachment-large size-large wp-image-1738\" alt=\"\" srcset=\"https:\/\/culinariasemlactose.com\/curiosidades\/wp-content\/smush-avif\/2024\/04\/Temperos-Gourmet-para-dia-das-maes.jpg.avif 200w, https:\/\/culinariasemlactose.com\/curiosidades\/wp-content\/smush-avif\/2024\/04\/Temperos-Gourmet-para-dia-das-maes-150x188.jpg.avif 150w\" sizes=\"(max-width: 200px) 100vw, 200px\" data-smush-avif-fallback=\"{&quot;src&quot;:&quot;https:\\\/\\\/culinariasemlactose.com\\\/curiosidades\\\/wp-content\\\/uploads\\\/2024\\\/04\\\/Temperos-Gourmet-para-dia-das-maes.jpg&quot;,&quot;srcset&quot;:&quot;https:\\\/\\\/culinariasemlactose.com\\\/curiosidades\\\/wp-content\\\/uploads\\\/2024\\\/04\\\/Temperos-Gourmet-para-dia-das-maes.jpg 200w, https:\\\/\\\/culinariasemlactose.com\\\/curiosidades\\\/wp-content\\\/uploads\\\/2024\\\/04\\\/Temperos-Gourmet-para-dia-das-maes-150x188.jpg 150w&quot;}\" \/>\t\t\t\t\t\t\t\t<\/a>\n\t\t\t\t\t\t\t\t\t\t\t\t\t\t\t<\/div>\n\t\t\t\t<\/div>\n\t\t<div class=\"elementor-element elementor-element-673279a e-con-full e-flex e-con e-child\" data-id=\"673279a\" data-element_type=\"container\" data-e-type=\"container\">\n\t\t\t\t<div class=\"elementor-element elementor-element-8f3ff2f elementor-widget elementor-widget-text-editor\" data-id=\"8f3ff2f\" data-element_type=\"widget\" data-e-type=\"widget\" data-widget_type=\"text-editor.default\">\n\t\t\t\t\t\t\t\t\t<p><span style=\"font-size: 16px;\">Eleve os dotes culin\u00e1rios de sua m\u00e3e com o kit Temperos Gourmet P&amp;amp;P Fit! Com 13 op\u00e7\u00f5es, incluindo Lemon Pepper, P\u00e1prica Defumada e Chimichurri, esse presente permitir\u00e1 que ela explore novos sabores e crie pratos ainda mais saborosos e saud\u00e1veis. Perfeito para m\u00e3es que amam cozinhar e inovar na cozinha.<\/span><\/p>\t\t\t\t\t\t\t\t<\/div>\n\t\t\t\t<div class=\"elementor-element elementor-element-2134bf9 elementor-align-center elementor-button-warning elementor-widget elementor-widget-button\" data-id=\"2134bf9\" data-element_type=\"widget\" data-e-type=\"widget\" data-widget_type=\"button.default\">\n\t\t\t\t\t\t\t\t\t\t<a class=\"elementor-button elementor-button-link elementor-size-sm\" href=\"https:\/\/shope.ee\/qMtA7Hdvl\" target=\"_blank\" rel=\"nofollow noopener\">\n\t\t\t\t\t\t<span class=\"elementor-button-content-wrapper\">\n\t\t\t\t\t\t\t\t\t<span class=\"elementor-button-text\">Saiba Mais...<\/span>\n\t\t\t\t\t<\/span>\n\t\t\t\t\t<\/a>\n\t\t\t\t\t\t\t\t<\/div>\n\t\t\t\t<\/div>\n\t\t\t\t\t<\/div>\n\t\t\t\t<\/div>\n\t\t<div class=\"elementor-element elementor-element-c227e55 e-flex e-con-boxed e-con e-parent\" data-id=\"c227e55\" data-element_type=\"container\" data-e-type=\"container\">\n\t\t\t\t\t<div class=\"e-con-inner\">\n\t\t\t\t<div class=\"elementor-element elementor-element-7bc3feb elementor-widget elementor-widget-heading\" data-id=\"7bc3feb\" data-element_type=\"widget\" data-e-type=\"widget\" data-widget_type=\"heading.default\">\n\t\t\t\t\t<h2 class=\"elementor-heading-title elementor-size-default\">Conclus\u00e3o<\/h2>\t\t\t\t<\/div>\n\t\t\t\t\t<\/div>\n\t\t\t\t<\/div>\n\t\t<div class=\"elementor-element elementor-element-3b83ea4 e-flex e-con-boxed e-con e-parent\" data-id=\"3b83ea4\" data-element_type=\"container\" data-e-type=\"container\">\n\t\t\t\t\t<div class=\"e-con-inner\">\n\t\t\t\t<div class=\"elementor-element elementor-element-f77c885 elementor-widget elementor-widget-text-editor\" data-id=\"f77c885\" data-element_type=\"widget\" data-e-type=\"widget\" data-widget_type=\"text-editor.default\">\n\t\t\t\t\t\t\t\t\t<p><span style=\"font-size: 16px;\">Escolher um <strong>presente para uma m\u00e3e<\/strong> que encontra alegria na cozinha \u00e9 mais do que simplesmente comprar um item; \u00e9 um reconhecimento das horas que ela passa criando maravilhas culin\u00e1rias que nutrem n\u00e3o apenas o corpo, mas tamb\u00e9m a alma da fam\u00edlia.<\/span><\/p><p><span style=\"font-size: 16px;\">Seja uma ferramenta que torna o <strong>ato de cozinhar<\/strong> mais eficiente ou uma experi\u00eancia que enriquece seu conhecimento culin\u00e1rio, cada sugest\u00e3o oferece um modo de fortalecer seu amor pela arte de cozinhar.<\/span><\/p><p><span style=\"font-size: 16px;\">Ao considerar o que torna sua m\u00e3e \u00fanica, esses presentes s\u00e3o uma maneira de dizer &#8220;Eu te amo, e eu vejo voc\u00ea.&#8221; N\u00e3o h\u00e1 d\u00favida de que com qualquer um desses presentes, voc\u00ea estar\u00e1 acrescentando um pouco mais de sabor ao mundo dela. E talvez, apenas talvez, voc\u00ea tamb\u00e9m possa desfrutar alguns dos pratos deliciosos que ela com certeza vai preparar!<\/span><\/p>\t\t\t\t\t\t\t\t<\/div>\n\t\t\t\t\t<\/div>\n\t\t\t\t<\/div>\n\t\t\t\t<section class=\"elementor-section elementor-top-section elementor-element elementor-element-7ce0e13 elementor-section-boxed elementor-section-height-default elementor-section-height-default\" data-id=\"7ce0e13\" data-element_type=\"section\" data-e-type=\"section\">\n\t\t\t\t\t\t<div class=\"elementor-container elementor-column-gap-default\">\n\t\t\t\t\t<div class=\"elementor-column elementor-col-100 elementor-top-column elementor-element elementor-element-166abd3\" data-id=\"166abd3\" data-element_type=\"column\" data-e-type=\"column\">\n\t\t\t<div class=\"elementor-widget-wrap elementor-element-populated\">\n\t\t\t\t\t\t<div class=\"elementor-element elementor-element-bc230da elementor-widget elementor-widget-html\" data-id=\"bc230da\" data-element_type=\"widget\" data-e-type=\"widget\" data-widget_type=\"html.default\">\n\t\t\t\t\t<script async src=\"https:\/\/pagead2.googlesyndication.com\/pagead\/js\/adsbygoogle.js?client=ca-pub-3459676390679786\"\n     crossorigin=\"anonymous\"><\/script>\n<ins class=\"adsbygoogle\"\n     style=\"display:block\"\n     data-ad-format=\"fluid\"\n     data-ad-layout-key=\"-fb+5u+4n-dg+7q\"\n     data-ad-client=\"ca-pub-3459676390679786\"\n     data-ad-slot=\"1443206194\"><\/ins>\n<script>\n     (adsbygoogle = window.adsbygoogle || []).push({});\n<\/script>\t\t\t\t<\/div>\n\t\t\t\t\t<\/div>\n\t\t<\/div>\n\t\t\t\t\t<\/div>\n\t\t<\/section>\n\t\t\t\t<\/div>\n\t\t","protected":false},"excerpt":{"rendered":"<p>Para uma m\u00e3e que trata a cozinha n\u00e3o apenas como necessidade, mas como um cantinho de cria\u00e7\u00e3o e paix\u00e3o, escolher o presente perfeito pode ser um genu\u00edno ato de amor. Se sua m\u00e3e \u00e9 daquelas que consideram as especiarias t\u00e3o valiosas quanto joias, ou acha que uma panela de qualidade \u00e9 obra de arte, voc\u00ea [&hellip;]<\/p>\n","protected":false},"author":1,"featured_media":1696,"comment_status":"open","ping_status":"closed","sticky":false,"template":"","format":"standard","meta":{"_lmt_disableupdate":"","_lmt_disable":"","footnotes":""},"categories":[124],"tags":[178,179,175,177,176],"class_list":["post-1666","post","type-post","status-publish","format-standard","has-post-thumbnail","hentry","category-compras","tag-dia-das-maes-presente","tag-presentes-para-maes","tag-presentes-para-maes-cozinheiras","tag-presentes-uteis-para-maes-na-cozinha","tag-utensilios-de-cozinha-para-presentear"],"modified_by":"Culin\u00e1ria sem Lactose","_links":{"self":[{"href":"https:\/\/culinariasemlactose.com\/curiosidades\/wp-json\/wp\/v2\/posts\/1666","targetHints":{"allow":["GET"]}}],"collection":[{"href":"https:\/\/culinariasemlactose.com\/curiosidades\/wp-json\/wp\/v2\/posts"}],"about":[{"href":"https:\/\/culinariasemlactose.com\/curiosidades\/wp-json\/wp\/v2\/types\/post"}],"author":[{"embeddable":true,"href":"https:\/\/culinariasemlactose.com\/curiosidades\/wp-json\/wp\/v2\/users\/1"}],"replies":[{"embeddable":true,"href":"https:\/\/culinariasemlactose.com\/curiosidades\/wp-json\/wp\/v2\/comments?post=1666"}],"version-history":[{"count":0,"href":"https:\/\/culinariasemlactose.com\/curiosidades\/wp-json\/wp\/v2\/posts\/1666\/revisions"}],"wp:featuredmedia":[{"embeddable":true,"href":"https:\/\/culinariasemlactose.com\/curiosidades\/wp-json\/wp\/v2\/media\/1696"}],"wp:attachment":[{"href":"https:\/\/culinariasemlactose.com\/curiosidades\/wp-json\/wp\/v2\/media?parent=1666"}],"wp:term":[{"taxonomy":"category","embeddable":true,"href":"https:\/\/culinariasemlactose.com\/curiosidades\/wp-json\/wp\/v2\/categories?post=1666"},{"taxonomy":"post_tag","embeddable":true,"href":"https:\/\/culinariasemlactose.com\/curiosidades\/wp-json\/wp\/v2\/tags?post=1666"}],"curies":[{"name":"wp","href":"https:\/\/api.w.org\/{rel}","templated":true}]}}